{"id":7728,"date":"2024-02-29T15:11:22","date_gmt":"2024-02-29T12:11:22","guid":{"rendered":"https:\/\/www.agroteka.lt\/?p=7728"},"modified":"2025-01-06T10:41:16","modified_gmt":"2025-01-06T07:41:16","slug":"na-spotkaniu-na-wystawie","status":"publish","type":"post","link":"https:\/\/www.agroteka.lt\/pl\/susitikime-parodoje\/","title":{"rendered":"Do zobaczenia na wystawie!"},"content":{"rendered":"<section class=\"l-section wpb_row height_medium\"><div class=\"l-section-h i-cf\"><div class=\"g-cols vc_row via_grid cols_1 laptops-cols_inherit tablets-cols_inherit mobiles-cols_1 valign_top type_default stacking_default\"><div class=\"wpb_column vc_column_container\"><div class=\"vc_column-inner\"><div class=\"w-image align_center\"><div class=\"w-image-h\"><img width=\"1024\" height=\"410\" src=\"https:\/\/www.agroteka.lt\/wp-content\/uploads\/1920x768-Bensdras-1024x410.jpg\" class=\"attachment-large size-large\" alt=\"Do zobaczenia na wystawie!\" decoding=\"async\" srcset=\"https:\/\/www.agroteka.lt\/wp-content\/uploads\/1920x768-Bensdras-1024x410.jpg 1024w, https:\/\/www.agroteka.lt\/wp-content\/uploads\/1920x768-Bensdras-300x120.jpg 300w, https:\/\/www.agroteka.lt\/wp-content\/uploads\/1920x768-Bensdras-700x280.jpg 700w, https:\/\/www.agroteka.lt\/wp-content\/uploads\/1920x768-Bensdras-500x200.jpg 500w, https:\/\/www.agroteka.lt\/wp-content\/uploads\/1920x768-Bensdras.jpg 1920w\" sizes=\"(max-width: 1024px) 100vw, 1024px\" \/><\/div><\/div><div class=\"w-separator size_small\"><\/div><div class=\"wpb_text_column\"><div class=\"wpb_wrapper\"><p style=\"text-align: center;\">Co roku wiosna przynosi najwi\u0119ksze \u015bwi\u0119to sektora rolniczego na Litwie \u2013 wystaw\u0119 \u201eCo sia\u0107 w 2024 roku\u201d! Z przyjemno\u015bci\u0105 informujemy, \u017ce w tym roku wystawa <strong>Wprowadzimy najnowocze\u015bniejsze innowacje do naszych produkt\u00f3w i us\u0142ug. <\/strong>Podczas targ\u00f3w b\u0119dziemy oferowa\u0107 r\u00f3wnie\u017c ekskluzywn\u0105 rozrywk\u0119. <strong>zar\u00f3wno dla doros\u0142ych jak i ma\u0142ych rolnik\u00f3w!<\/strong><\/p>\n<p style=\"text-align: center;\">Celem naszej firmy jest ustanowienie <strong>d\u0142ugotrwa\u0142a przyja\u017a\u0144 oparta na zaufaniu i stabilno\u015bci<\/strong> I <strong>stworzy\u0107 wsp\u00f3ln\u0105 histori\u0119<\/strong> z litewskimi rolnikami i partnerami. Dlatego, podkre\u015blaj\u0105c te warto\u015bci, chcemy przedstawi\u0107 has\u0142o tej wystawy \u2013\u00a0 <strong>&quot;Tw\u00f3rzmy histori\u0119 jutra ju\u017c dzi\u015b!&quot;<\/strong><\/p>\n<p style=\"text-align: center;\">Dlatego r\u00f3wnie\u017c Wy, drodzy Klienci i Partnerzy, <strong>Zapraszamy do spotkania si\u0119 z nami podczas wystawy i wsp\u00f3lnego tworzenia nowej historii!<\/strong><\/p>\n<\/div><\/div><div class=\"w-separator size_small with_line width_default thick_1 style_solid color_border align_center\"><div class=\"w-separator-h\"><\/div><\/div><div class=\"wpb_text_column\"><div class=\"wpb_wrapper\"><h5 style=\"text-align: center;\">Co zaprezentujemy na wystawie?<\/h5>\n<\/div><\/div><\/div><\/div><\/div><\/div><\/section><section class=\"l-section wpb_row height_auto\"><div class=\"l-section-h i-cf\"><div class=\"g-cols vc_row via_grid cols_3 laptops-cols_inherit tablets-cols_inherit mobiles-cols_1 valign_top type_default stacking_default\"><div class=\"wpb_column vc_column_container\"><div class=\"vc_column-inner\"><div class=\"wpb_text_column\"><div class=\"wpb_wrapper\"><h6 style=\"text-align: center;\">Technika<\/h6>\n<\/div><\/div><div class=\"w-separator size_small\"><\/div><div class=\"w-image align_center\"><div class=\"w-image-h\"><img width=\"600\" height=\"400\" src=\"https:\/\/www.agroteka.lt\/wp-content\/uploads\/diskines-sejamosios-1.jpg\" class=\"attachment-large size-large\" alt=\"Siewniki\" decoding=\"async\" srcset=\"https:\/\/www.agroteka.lt\/wp-content\/uploads\/diskines-sejamosios-1.jpg 600w, https:\/\/www.agroteka.lt\/wp-content\/uploads\/diskines-sejamosios-1-300x200.jpg 300w\" sizes=\"(max-width: 600px) 100vw, 600px\" \/><\/div><\/div><div class=\"w-separator size_small\"><\/div><div class=\"wpb_text_column\"><div class=\"wpb_wrapper\"><p style=\"text-align: center;\">Innowacje w zakresie siewu, uprawy roli, oprysk\u00f3w, przygotowywania pasz, podawania i obs\u0142ugi zbo\u017ca od producent\u00f3w, kt\u00f3rych reprezentujemy.<\/p>\n<\/div><\/div><\/div><\/div><div class=\"wpb_column vc_column_container\"><div class=\"vc_column-inner\"><div class=\"wpb_text_column\"><div class=\"wpb_wrapper\"><h6 style=\"text-align: center;\">Us\u0142ugi rolnicze<\/h6>\n<\/div><\/div><div class=\"w-separator size_small\"><\/div><div class=\"w-image align_center\"><div class=\"w-image-h\"><img width=\"600\" height=\"400\" src=\"https:\/\/www.agroteka.lt\/wp-content\/uploads\/agro-paslaugos-agroteka.jpg\" class=\"attachment-large size-large\" alt=\"Us\u0142ugi rolnicze\" decoding=\"async\" srcset=\"https:\/\/www.agroteka.lt\/wp-content\/uploads\/agro-paslaugos-agroteka.jpg 600w, https:\/\/www.agroteka.lt\/wp-content\/uploads\/agro-paslaugos-agroteka-300x200.jpg 300w\" sizes=\"(max-width: 600px) 100vw, 600px\" \/><\/div><\/div><div class=\"w-separator size_small\"><\/div><div class=\"wpb_text_column\"><div class=\"wpb_wrapper\"><p style=\"text-align: center;\">Nasze us\u0142ugi rolnicze w zakresie uprawy roli, siewu i przygotowywania pasz oraz nowy sprz\u0119t, przy u\u017cyciu kt\u00f3rego planujemy je wykonywa\u0107 w sezonie 2024.<\/p>\n<\/div><\/div><\/div><\/div><div class=\"wpb_column vc_column_container\"><div class=\"vc_column-inner\"><div class=\"wpb_text_column\"><div class=\"wpb_wrapper\"><h6 style=\"text-align: center;\">Cz\u0119\u015bci zamienne i akcesoria<\/h6>\n<\/div><\/div><div class=\"w-separator size_small\"><\/div><div class=\"w-image align_center\"><div class=\"w-image-h\"><img width=\"600\" height=\"400\" src=\"https:\/\/www.agroteka.lt\/wp-content\/uploads\/automatinio-vairavimo-sistemos.jpg\" class=\"attachment-large size-large\" alt=\"Zautomatyzowane systemy jazdy\" decoding=\"async\" srcset=\"https:\/\/www.agroteka.lt\/wp-content\/uploads\/automatinio-vairavimo-sistemos.jpg 600w, https:\/\/www.agroteka.lt\/wp-content\/uploads\/automatinio-vairavimo-sistemos-300x200.jpg 300w\" sizes=\"(max-width: 600px) 100vw, 600px\" \/><\/div><\/div><div class=\"w-separator size_small\"><\/div><div class=\"wpb_text_column\"><div class=\"wpb_wrapper\"><p style=\"text-align: center;\">Jeszcze szerszy asortyment cz\u0119\u015bci zamiennych i nowo\u015bci z zakresu rolnictwa precyzyjnego, kt\u00f3re b\u0119d\u0105 istotne dla wi\u0119kszo\u015bci litewskich rolnik\u00f3w.<\/p>\n<\/div><\/div><\/div><\/div><\/div><\/div><\/section><section class=\"l-section wpb_row height_small\"><div class=\"l-section-h i-cf\"><div class=\"g-cols vc_row via_grid cols_1 laptops-cols_inherit tablets-cols_inherit mobiles-cols_1 valign_top type_default stacking_default\"><div class=\"wpb_column vc_column_container\"><div class=\"vc_column-inner\"><div class=\"w-separator size_small with_line width_default thick_1 style_solid color_border align_center\"><div class=\"w-separator-h\"><\/div><\/div><div class=\"wpb_text_column\"><div class=\"wpb_wrapper\"><h5 style=\"text-align: center;\">Jak do nas trafi\u0107 na wystawie?<\/h5>\n<\/div><\/div><div class=\"w-separator size_small\"><\/div><div class=\"wpb_text_column\"><div class=\"wpb_wrapper\"><p style=\"text-align: center;\">Nasza wystawa b\u0119dzie znajdowa\u0107 si\u0119 w sektorze A, stoisko 6. (A6)<\/p>\n<\/div><\/div><div class=\"w-separator size_small\"><\/div><div class=\"w-image align_center\"><div class=\"w-image-h\"><img width=\"800\" height=\"800\" src=\"https:\/\/www.agroteka.lt\/wp-content\/uploads\/agroteka-vieta.gif\" class=\"attachment-large size-large\" alt=\"Agroteka - miejsce wystawowe\" decoding=\"async\" \/><\/div><\/div><div class=\"w-separator size_small\"><\/div><div class=\"wpb_text_column\"><div class=\"wpb_wrapper\"><p style=\"text-align: center;\">Pe\u0142ny harmonogram wystawy mo\u017cna zobaczy\u0107 poni\u017cej lub <a ref=\"magnificPopup\" href=\"https:\/\/www.agroteka.lt\/wp-content\/uploads\/Schema-KP24-agroteka.jpg\" target=\"_blank\" rel=\"noopener\">klikaj\u0105c na ten link.<\/a><\/p>\n<\/div><\/div><div class=\"w-separator size_small with_line width_default thick_1 style_solid color_border align_center\"><div class=\"w-separator-h\"><\/div><\/div><div class=\"w-image align_center\"><a href=\"https:\/\/www.agroteka.lt\/wp-content\/uploads\/Schema-KP24-agroteka.jpg\" ref=\"magnificPopup\" aria-label=\"Odniesienie\" class=\"w-image-h\"><img width=\"1024\" height=\"691\" src=\"https:\/\/www.agroteka.lt\/wp-content\/uploads\/Schema-KP24-agroteka-1024x691.jpg\" class=\"attachment-large size-large\" alt=\"Co sia\u0107 - schemat wystawowy\" decoding=\"async\" srcset=\"https:\/\/www.agroteka.lt\/wp-content\/uploads\/Schema-KP24-agroteka-1024x691.jpg 1024w, https:\/\/www.agroteka.lt\/wp-content\/uploads\/Schema-KP24-agroteka-300x202.jpg 300w, https:\/\/www.agroteka.lt\/wp-content\/uploads\/Schema-KP24-agroteka-593x400.jpg 593w, https:\/\/www.agroteka.lt\/wp-content\/uploads\/Schema-KP24-agroteka-500x337.jpg 500w, https:\/\/www.agroteka.lt\/wp-content\/uploads\/Schema-KP24-agroteka.jpg 1920w\" sizes=\"(max-width: 1024px) 100vw, 1024px\" \/><\/a><\/div><div class=\"w-separator size_small\"><\/div><div class=\"wpb_text_column\"><div class=\"wpb_wrapper\"><h5 style=\"text-align: center;\">Masz pytania dotycz\u0105ce wystawy lub chcesz um\u00f3wi\u0107 si\u0119 na spotkanie?<\/h5>\n<\/div><\/div><div class=\"w-separator size_small\"><\/div><div class=\"wpb_text_column\"><div class=\"wpb_wrapper\"><p style=\"text-align: center;\">Wype\u0142nij t\u0119 pro\u015bb\u0119:<\/p>\n<\/div><\/div><div class=\"w-separator size_small\"><\/div>\n<div class=\"wpcf7 no-js\" id=\"wpcf7-f7792-o1\" lang=\"lt-LT\" dir=\"ltr\">\n<div class=\"screen-reader-response\"><p role=\"status\" aria-live=\"polite\" aria-atomic=\"true\"><\/p> <ul><\/ul><\/div>\n<form action=\"\/pl\/wp-json\/wp\/v2\/posts\/7728#wpcf7-f7792-o1\" method=\"post\" class=\"wpcf7-form init\" aria-label=\"Kontakt\u0173 forma\" novalidate=\"novalidate\" data-status=\"init\" data-trp-original-action=\"\/pl\/wp-json\/wp\/v2\/posts\/7728#wpcf7-f7792-o1\">\n<div style=\"display: none;\">\n<input type=\"hidden\" name=\"_wpcf7\" value=\"7792\" \/>\n<input type=\"hidden\" name=\"_wpcf7_version\" value=\"5.9.3\" \/>\n<input type=\"hidden\" name=\"_wpcf7_locale\" value=\"lt_LT\" \/>\n<input type=\"hidden\" name=\"_wpcf7_unit_tag\" value=\"wpcf7-f7792-o1\" \/>\n<input type=\"hidden\" name=\"_wpcf7_container_post\" value=\"0\" \/>\n<input type=\"hidden\" name=\"_wpcf7_posted_data_hash\" value=\"\" \/>\n<input type=\"hidden\" name=\"_wpcf7_recaptcha_response\" value=\"\" \/>\n<\/div>\n<p>Jakie masz pytania? Je\u015bli jeste\u015b zainteresowany spotkaniem, podaj przybli\u017cony termin*:<br \/>\n<span class=\"wpcf7-form-control-wrap\" data-name=\"turimas-klausimas\"><input size=\"40\" class=\"wpcf7-form-control wpcf7-text wpcf7-validates-as-required\" aria-required=\"true\" aria-invalid=\"false\" value=\"\" type=\"text\" name=\"turimas-klausimas\" \/><\/span>\n<\/p>\n<p>Twoje imi\u0119*:<br \/>\n<span class=\"wpcf7-form-control-wrap\" data-name=\"your-name\"><input size=\"40\" class=\"wpcf7-form-control wpcf7-text wpcf7-validates-as-required\" aria-required=\"true\" aria-invalid=\"false\" value=\"\" type=\"text\" name=\"your-name\" \/><\/span>\n<\/p>\n<p>Numer telefonu*:<br \/>\n<span class=\"wpcf7-form-control-wrap\" data-name=\"your-phone\"><input size=\"40\" class=\"wpcf7-form-control wpcf7-text wpcf7-validates-as-required\" aria-required=\"true\" aria-invalid=\"false\" value=\"\" type=\"text\" name=\"your-phone\" \/><\/span>\n<\/p>\n<p><span class=\"wpcf7-form-control-wrap\" data-name=\"acceptance-512\"><span class=\"wpcf7-form-control wpcf7-acceptance\"><span class=\"wpcf7-list-item\"><label><input type=\"checkbox\" name=\"acceptance-512\" value=\"1\" aria-invalid=\"false\" \/><span class=\"wpcf7-list-item-label\">Wyra\u017cam zgod\u0119 na kontakt przedstawiciela UAB Agroteka za po\u015brednictwem podanych kontakt\u00f3w w celu konsultacji. Poznaj nas <a href=\"\/pl\/polityka-prywatnosci\/\" target=\"_blank\">polityka prywatno\u015bci.<\/a><\/span><\/label><\/span><\/span><\/span>\n<\/p>\n<p><input class=\"wpcf7-form-control wpcf7-submit has-spinner\" type=\"submit\" value=\"Wy\u015blij zapytanie\" \/>\n<\/p><div class=\"wpcf7-response-output\" aria-hidden=\"true\"><\/div>\n<input type=\"hidden\" name=\"trp-form-language\" value=\"pl\"\/><\/form>\n<\/div>\n<div class=\"w-separator size_small with_line width_default thick_1 style_solid color_border align_center\"><div class=\"w-separator-h\"><\/div><\/div><div class=\"wpb_text_column\"><div class=\"wpb_wrapper\"><h5 style=\"text-align: center;\">Czekamy na Pa\u0144stwa w dniach 21-23 marca!<\/h5>\n<\/div><\/div><\/div><\/div><\/div><\/div><\/section>","protected":false},"excerpt":{"rendered":"Kasmet kartu su pavasariu atkeliauja did\u017eiausia agrosektoriaus \u0161vent\u0117 Lietuvoje &#8211; paroda \u201eK\u0105 pas\u0117si 2024\u201c! Su d\u017eiaugsmu prane\u0161ame, jog \u0161iemet \u012f parod\u0105 atve\u0161ime pa\u017eangiausias m\u016bs\u0173 si\u016blomos produkcijos bei paslaug\u0173 naujoves. Taip pat parodos metu si\u016blysime i\u0161skirtines pramogas tiek suaugusiems, tiek ma\u017eiesiems \u016bkininkams! M\u016bs\u0173 \u012fmon\u0117 siekia u\u017emegzti pasitik\u0117jimu, stabilumu gr\u012fst\u0105 ilgalaik\u0119 draugyst\u0119 bei kurti bendr\u0105 istorij\u0105 su...","protected":false},"author":2,"featured_media":7787,"comment_status":"closed","ping_status":"closed","sticky":false,"template":"","format":"standard","meta":{"inline_featured_image":false,"footnotes":"","iawp_total_views":26},"categories":[1],"tags":[],"acf":[],"yoast_head":"<!-- This site is optimized with the Yoast SEO plugin v22.4 - https:\/\/yoast.com\/wordpress\/plugins\/seo\/ -->\n<title>Susitikime parodoje! | Agroteka<\/title>\n<meta name=\"robots\" content=\"index, follow, max-snippet:-1, max-image-preview:large, max-video-preview:-1\" \/>\n<link rel=\"canonical\" href=\"https:\/\/www.agroteka.lt\/pl\/na-spotkaniu-na-wystawie\/\" \/>\n<meta property=\"og:locale\" content=\"pl_PL\" \/>\n<meta property=\"og:type\" content=\"article\" \/>\n<meta property=\"og:title\" content=\"Susitikime parodoje! | Agroteka\" \/>\n<meta property=\"og:url\" content=\"https:\/\/www.agroteka.lt\/pl\/na-spotkaniu-na-wystawie\/\" \/>\n<meta property=\"og:site_name\" content=\"Agroteka\" \/>\n<meta property=\"article:publisher\" content=\"https:\/\/www.facebook.com\/uabagroteka\" \/>\n<meta property=\"article:published_time\" content=\"2024-02-29T12:11:22+00:00\" \/>\n<meta property=\"article:modified_time\" content=\"2025-01-06T07:41:16+00:00\" \/>\n<meta property=\"og:image\" content=\"https:\/\/www.agroteka.lt\/wp-content\/uploads\/naujienos-paveikslelis-paroda.jpg\" \/>\n\t<meta property=\"og:image:width\" content=\"1024\" \/>\n\t<meta property=\"og:image:height\" content=\"767\" \/>\n\t<meta property=\"og:image:type\" content=\"image\/jpeg\" \/>\n<meta name=\"author\" content=\"admin-evaldas\" \/>\n<meta name=\"twitter:card\" content=\"summary_large_image\" \/>\n<meta name=\"twitter:label1\" content=\"Napisane przez\" \/>\n\t<meta name=\"twitter:data1\" content=\"admin-evaldas\" \/>\n\t<meta name=\"twitter:label2\" content=\"Szacowany czas czytania\" \/>\n\t<meta name=\"twitter:data2\" content=\"3 minuty\" \/>\n<script type=\"application\/ld+json\" class=\"yoast-schema-graph\">{\"@context\":\"https:\/\/schema.org\",\"@graph\":[{\"@type\":\"Article\",\"@id\":\"https:\/\/www.agroteka.lt\/susitikime-parodoje\/#article\",\"isPartOf\":{\"@id\":\"https:\/\/www.agroteka.lt\/susitikime-parodoje\/\"},\"author\":{\"name\":\"admin-evaldas\",\"@id\":\"https:\/\/www.agroteka.lt\/#\/schema\/person\/248a1f81492da1cade7a443eea443531\"},\"headline\":\"Susitikime parodoje!\",\"datePublished\":\"2024-02-29T12:11:22+00:00\",\"dateModified\":\"2025-01-06T07:41:16+00:00\",\"mainEntityOfPage\":{\"@id\":\"https:\/\/www.agroteka.lt\/susitikime-parodoje\/\"},\"wordCount\":465,\"publisher\":{\"@id\":\"https:\/\/www.agroteka.lt\/#organization\"},\"image\":{\"@id\":\"https:\/\/www.agroteka.lt\/susitikime-parodoje\/#primaryimage\"},\"thumbnailUrl\":\"https:\/\/www.agroteka.lt\/wp-content\/uploads\/naujienos-paveikslelis-paroda.jpg\",\"articleSection\":[\"Naujienos\"],\"inLanguage\":\"pl-PL\"},{\"@type\":\"WebPage\",\"@id\":\"https:\/\/www.agroteka.lt\/susitikime-parodoje\/\",\"url\":\"https:\/\/www.agroteka.lt\/susitikime-parodoje\/\",\"name\":\"Susitikime parodoje! | Agroteka\",\"isPartOf\":{\"@id\":\"https:\/\/www.agroteka.lt\/#website\"},\"primaryImageOfPage\":{\"@id\":\"https:\/\/www.agroteka.lt\/susitikime-parodoje\/#primaryimage\"},\"image\":{\"@id\":\"https:\/\/www.agroteka.lt\/susitikime-parodoje\/#primaryimage\"},\"thumbnailUrl\":\"https:\/\/www.agroteka.lt\/wp-content\/uploads\/naujienos-paveikslelis-paroda.jpg\",\"datePublished\":\"2024-02-29T12:11:22+00:00\",\"dateModified\":\"2025-01-06T07:41:16+00:00\",\"breadcrumb\":{\"@id\":\"https:\/\/www.agroteka.lt\/susitikime-parodoje\/#breadcrumb\"},\"inLanguage\":\"pl-PL\",\"potentialAction\":[{\"@type\":\"ReadAction\",\"target\":[\"https:\/\/www.agroteka.lt\/susitikime-parodoje\/\"]}]},{\"@type\":\"ImageObject\",\"inLanguage\":\"pl-PL\",\"@id\":\"https:\/\/www.agroteka.lt\/susitikime-parodoje\/#primaryimage\",\"url\":\"https:\/\/www.agroteka.lt\/wp-content\/uploads\/naujienos-paveikslelis-paroda.jpg\",\"contentUrl\":\"https:\/\/www.agroteka.lt\/wp-content\/uploads\/naujienos-paveikslelis-paroda.jpg\",\"width\":1024,\"height\":767,\"caption\":\"K\u0105 pas\u0117si 2024 naujiena\"},{\"@type\":\"BreadcrumbList\",\"@id\":\"https:\/\/www.agroteka.lt\/susitikime-parodoje\/#breadcrumb\",\"itemListElement\":[{\"@type\":\"ListItem\",\"position\":1,\"name\":\"Home\",\"item\":\"https:\/\/www.agroteka.lt\/\"},{\"@type\":\"ListItem\",\"position\":2,\"name\":\"Susitikime parodoje!\"}]},{\"@type\":\"WebSite\",\"@id\":\"https:\/\/www.agroteka.lt\/#website\",\"url\":\"https:\/\/www.agroteka.lt\/\",\"name\":\"Agroteka\",\"description\":\"\u017dem\u0117s \u016bkio technika, agro paslaugos, atsargin\u0117s dalys.\",\"publisher\":{\"@id\":\"https:\/\/www.agroteka.lt\/#organization\"},\"potentialAction\":[{\"@type\":\"SearchAction\",\"target\":{\"@type\":\"EntryPoint\",\"urlTemplate\":\"https:\/\/www.agroteka.lt\/?s={search_term_string}\"},\"query-input\":\"required name=search_term_string\"}],\"inLanguage\":\"pl-PL\"},{\"@type\":\"Organization\",\"@id\":\"https:\/\/www.agroteka.lt\/#organization\",\"name\":\"Agroteka\",\"url\":\"https:\/\/www.agroteka.lt\/\",\"logo\":{\"@type\":\"ImageObject\",\"inLanguage\":\"pl-PL\",\"@id\":\"https:\/\/www.agroteka.lt\/#\/schema\/logo\/image\/\",\"url\":\"https:\/\/www.agroteka.lt\/wp-content\/uploads\/Agroteka_logo_bg.jpg\",\"contentUrl\":\"https:\/\/www.agroteka.lt\/wp-content\/uploads\/Agroteka_logo_bg.jpg\",\"width\":1000,\"height\":422,\"caption\":\"Agroteka\"},\"image\":{\"@id\":\"https:\/\/www.agroteka.lt\/#\/schema\/logo\/image\/\"},\"sameAs\":[\"https:\/\/www.facebook.com\/uabagroteka\",\"https:\/\/www.youtube.com\/user\/UABAgroteka\"]},{\"@type\":\"Person\",\"@id\":\"https:\/\/www.agroteka.lt\/#\/schema\/person\/248a1f81492da1cade7a443eea443531\",\"name\":\"admin-evaldas\",\"image\":{\"@type\":\"ImageObject\",\"inLanguage\":\"pl-PL\",\"@id\":\"https:\/\/www.agroteka.lt\/#\/schema\/person\/image\/\",\"url\":\"https:\/\/secure.gravatar.com\/avatar\/1f2699c744f20992cdf9369164e17266?s=96&d=mm&r=g\",\"contentUrl\":\"https:\/\/secure.gravatar.com\/avatar\/1f2699c744f20992cdf9369164e17266?s=96&d=mm&r=g\",\"caption\":\"admin-evaldas\"},\"url\":\"https:\/\/www.agroteka.lt\/pl\/author\/admin-evaldas\/\"}]}<\/script>\n<!-- \/ Yoast SEO plugin. -->","yoast_head_json":{"title":"Do zobaczenia na wystawie! | Agroteka","robots":{"index":"index","follow":"follow","max-snippet":"max-snippet:-1","max-image-preview":"max-image-preview:large","max-video-preview":"max-video-preview:-1"},"canonical":"https:\/\/www.agroteka.lt\/pl\/na-spotkaniu-na-wystawie\/","og_locale":"pl_PL","og_type":"article","og_title":"Susitikime parodoje! | Agroteka","og_url":"https:\/\/www.agroteka.lt\/pl\/na-spotkaniu-na-wystawie\/","og_site_name":"Agroteka","article_publisher":"https:\/\/www.facebook.com\/uabagroteka","article_published_time":"2024-02-29T12:11:22+00:00","article_modified_time":"2025-01-06T07:41:16+00:00","og_image":[{"width":1024,"height":767,"url":"https:\/\/www.agroteka.lt\/wp-content\/uploads\/naujienos-paveikslelis-paroda.jpg","type":"image\/jpeg"}],"author":"admin-evaldas","twitter_card":"summary_large_image","twitter_misc":{"Napisane przez":"admin-evaldas","Szacowany czas czytania":"3 minuty"},"schema":{"@context":"https:\/\/schema.org","@graph":[{"@type":"Article","@id":"https:\/\/www.agroteka.lt\/susitikime-parodoje\/#article","isPartOf":{"@id":"https:\/\/www.agroteka.lt\/susitikime-parodoje\/"},"author":{"name":"admin-evaldas","@id":"https:\/\/www.agroteka.lt\/#\/schema\/person\/248a1f81492da1cade7a443eea443531"},"headline":"Susitikime parodoje!","datePublished":"2024-02-29T12:11:22+00:00","dateModified":"2025-01-06T07:41:16+00:00","mainEntityOfPage":{"@id":"https:\/\/www.agroteka.lt\/susitikime-parodoje\/"},"wordCount":465,"publisher":{"@id":"https:\/\/www.agroteka.lt\/#organization"},"image":{"@id":"https:\/\/www.agroteka.lt\/susitikime-parodoje\/#primaryimage"},"thumbnailUrl":"https:\/\/www.agroteka.lt\/wp-content\/uploads\/naujienos-paveikslelis-paroda.jpg","articleSection":["Naujienos"],"inLanguage":"pl-PL"},{"@type":"WebPage","@id":"https:\/\/www.agroteka.lt\/susitikime-parodoje\/","url":"https:\/\/www.agroteka.lt\/susitikime-parodoje\/","name":"Do zobaczenia na wystawie! | Agroteka","isPartOf":{"@id":"https:\/\/www.agroteka.lt\/#website"},"primaryImageOfPage":{"@id":"https:\/\/www.agroteka.lt\/susitikime-parodoje\/#primaryimage"},"image":{"@id":"https:\/\/www.agroteka.lt\/susitikime-parodoje\/#primaryimage"},"thumbnailUrl":"https:\/\/www.agroteka.lt\/wp-content\/uploads\/naujienos-paveikslelis-paroda.jpg","datePublished":"2024-02-29T12:11:22+00:00","dateModified":"2025-01-06T07:41:16+00:00","breadcrumb":{"@id":"https:\/\/www.agroteka.lt\/susitikime-parodoje\/#breadcrumb"},"inLanguage":"pl-PL","potentialAction":[{"@type":"ReadAction","target":["https:\/\/www.agroteka.lt\/susitikime-parodoje\/"]}]},{"@type":"ImageObject","inLanguage":"pl-PL","@id":"https:\/\/www.agroteka.lt\/susitikime-parodoje\/#primaryimage","url":"https:\/\/www.agroteka.lt\/wp-content\/uploads\/naujienos-paveikslelis-paroda.jpg","contentUrl":"https:\/\/www.agroteka.lt\/wp-content\/uploads\/naujienos-paveikslelis-paroda.jpg","width":1024,"height":767,"caption":"K\u0105 pas\u0117si 2024 naujiena"},{"@type":"BreadcrumbList","@id":"https:\/\/www.agroteka.lt\/susitikime-parodoje\/#breadcrumb","itemListElement":[{"@type":"ListItem","position":1,"name":"Home","item":"https:\/\/www.agroteka.lt\/"},{"@type":"ListItem","position":2,"name":"Susitikime parodoje!"}]},{"@type":"WebSite","@id":"https:\/\/www.agroteka.lt\/#website","url":"https:\/\/www.agroteka.lt\/","name":"Agrotech","description":"Maszyny rolnicze, us\u0142ugi rolnicze, cz\u0119\u015bci zamienne.","publisher":{"@id":"https:\/\/www.agroteka.lt\/#organization"},"potentialAction":[{"@type":"SearchAction","target":{"@type":"EntryPoint","urlTemplate":"https:\/\/www.agroteka.lt\/?s={search_term_string}"},"query-input":"required name=search_term_string"}],"inLanguage":"pl-PL"},{"@type":"Organization","@id":"https:\/\/www.agroteka.lt\/#organization","name":"Agrotech","url":"https:\/\/www.agroteka.lt\/","logo":{"@type":"ImageObject","inLanguage":"pl-PL","@id":"https:\/\/www.agroteka.lt\/#\/schema\/logo\/image\/","url":"https:\/\/www.agroteka.lt\/wp-content\/uploads\/Agroteka_logo_bg.jpg","contentUrl":"https:\/\/www.agroteka.lt\/wp-content\/uploads\/Agroteka_logo_bg.jpg","width":1000,"height":422,"caption":"Agroteka"},"image":{"@id":"https:\/\/www.agroteka.lt\/#\/schema\/logo\/image\/"},"sameAs":["https:\/\/www.facebook.com\/uabagroteka","https:\/\/www.youtube.com\/user\/UABAgroteka"]},{"@type":"Person","@id":"https:\/\/www.agroteka.lt\/#\/schema\/person\/248a1f81492da1cade7a443eea443531","name":"admin-evaldas","image":{"@type":"ImageObject","inLanguage":"pl-PL","@id":"https:\/\/www.agroteka.lt\/#\/schema\/person\/image\/","url":"https:\/\/secure.gravatar.com\/avatar\/1f2699c744f20992cdf9369164e17266?s=96&d=mm&r=g","contentUrl":"https:\/\/secure.gravatar.com\/avatar\/1f2699c744f20992cdf9369164e17266?s=96&d=mm&r=g","caption":"admin-evaldas"},"url":"https:\/\/www.agroteka.lt\/pl\/author\/admin-evaldas\/"}]}},"_links":{"self":[{"href":"https:\/\/www.agroteka.lt\/pl\/wp-json\/wp\/v2\/posts\/7728"}],"collection":[{"href":"https:\/\/www.agroteka.lt\/pl\/wp-json\/wp\/v2\/posts"}],"about":[{"href":"https:\/\/www.agroteka.lt\/pl\/wp-json\/wp\/v2\/types\/post"}],"author":[{"embeddable":true,"href":"https:\/\/www.agroteka.lt\/pl\/wp-json\/wp\/v2\/users\/2"}],"replies":[{"embeddable":true,"href":"https:\/\/www.agroteka.lt\/pl\/wp-json\/wp\/v2\/comments?post=7728"}],"version-history":[{"count":59,"href":"https:\/\/www.agroteka.lt\/pl\/wp-json\/wp\/v2\/posts\/7728\/revisions"}],"predecessor-version":[{"id":7797,"href":"https:\/\/www.agroteka.lt\/pl\/wp-json\/wp\/v2\/posts\/7728\/revisions\/7797"}],"wp:featuredmedia":[{"embeddable":true,"href":"https:\/\/www.agroteka.lt\/pl\/wp-json\/wp\/v2\/media\/7787"}],"wp:attachment":[{"href":"https:\/\/www.agroteka.lt\/pl\/wp-json\/wp\/v2\/media?parent=7728"}],"wp:term":[{"taxonomy":"category","embeddable":true,"href":"https:\/\/www.agroteka.lt\/pl\/wp-json\/wp\/v2\/categories?post=7728"},{"taxonomy":"post_tag","embeddable":true,"href":"https:\/\/www.agroteka.lt\/pl\/wp-json\/wp\/v2\/tags?post=7728"}],"curies":[{"name":"wp","href":"https:\/\/api.w.org\/{rel}","templated":true}]}}