{"id":16902,"date":"2025-10-20T16:40:50","date_gmt":"2025-10-20T13:40:50","guid":{"rendered":"https:\/\/www.agroteka.lt\/?p=16902"},"modified":"2025-11-07T17:34:50","modified_gmt":"2025-11-07T14:34:50","slug":"zapraszamy-do-odwiedzenia-naszych-przedstawicieli-na-targach-agritechnica-2025","status":"publish","type":"post","link":"https:\/\/www.agroteka.lt\/pl\/kvieciame-aplankyti-musu-atstovaujamus-prekes-zenklus-agritechnica-2025-parodoje\/","title":{"rendered":"Zapraszamy do odwiedzenia marek, kt\u00f3re reprezentujemy na AGRITECHNICA 2025"},"content":{"rendered":"<section class=\"l-section wpb_row height_medium\"><div class=\"l-section-h i-cf\"><div class=\"g-cols vc_row via_grid cols_1 laptops-cols_inherit tablets-cols_inherit mobiles-cols_1 valign_top type_default stacking_default\"><div class=\"wpb_column vc_column_container\"><div class=\"vc_column-inner\"><div class=\"wpb_text_column\"><div class=\"wpb_wrapper\"><p>AGRITECHNICA 2025, wiod\u0105ce na \u015bwiecie targi maszyn rolniczych, odb\u0119d\u0105 si\u0119 w dniach 9-15 listopada w Hanowerze w Niemczech.<\/p>\n<\/div><\/div><div class=\"w-separator size_small\"><\/div><div class=\"w-image align_center\"><div class=\"w-image-h\"><img width=\"1024\" height=\"243\" src=\"https:\/\/www.agroteka.lt\/wp-content\/uploads\/Puslapio-naujienos-vidinis-baneris1200-x-285-px-1-1024x243.jpg\" class=\"attachment-large size-large\" alt=\"\" decoding=\"async\" srcset=\"https:\/\/www.agroteka.lt\/wp-content\/uploads\/Puslapio-naujienos-vidinis-baneris1200-x-285-px-1-1024x243.jpg 1024w, https:\/\/www.agroteka.lt\/wp-content\/uploads\/Puslapio-naujienos-vidinis-baneris1200-x-285-px-1-300x71.jpg 300w, https:\/\/www.agroteka.lt\/wp-content\/uploads\/Puslapio-naujienos-vidinis-baneris1200-x-285-px-1-18x4.jpg 18w, https:\/\/www.agroteka.lt\/wp-content\/uploads\/Puslapio-naujienos-vidinis-baneris1200-x-285-px-1-700x166.jpg 700w, https:\/\/www.agroteka.lt\/wp-content\/uploads\/Puslapio-naujienos-vidinis-baneris1200-x-285-px-1-500x119.jpg 500w, https:\/\/www.agroteka.lt\/wp-content\/uploads\/Puslapio-naujienos-vidinis-baneris1200-x-285-px-1.jpg 1200w\" sizes=\"(max-width: 1024px) 100vw, 1024px\" \/><\/div><\/div><div class=\"w-separator size_small\"><\/div><div class=\"wpb_text_column\"><div class=\"wpb_wrapper\"><h4>Zapraszamy do odwiedzenia reprezentowanych przez nas marek:<\/h4>\n<\/div><\/div><div class=\"w-separator size_small\"><\/div><div class=\"wpb_text_column\"><div class=\"wpb_wrapper\"><ul>\n<li><strong>Agrio<\/strong>\u00a0mo\u017cna znale\u017a\u0107 producenta opryskiwaczy zaczepianych i samobie\u017cnych <strong>Hala 9, miejsce G13<\/strong>.<\/li>\n<li><strong>Strautmann<\/strong> firma oferuj\u0105ca szereg maszyn do hodowli zwierz\u0105t, b\u0119dzie zlokalizowana w <strong>Hala 27, miejsce D32<\/strong>.<\/li>\n<li><strong><strong>M\u00fc<\/strong><\/strong><strong>rzecz<\/strong> Wysokiej jako\u015bci niemiecka \u015bci\u00f3\u0142ka <strong>Hala 11, miejsce B35<\/strong>.<\/li>\n<li><strong>Gowell<\/strong> firma produkuj\u0105ca maszyny do przygotowywania i podawania pasz zaprezentuje swoje maszyny <strong>Hala 27, miejsce E39<\/strong>.<\/li>\n<li>Nasz nowy <strong>Pedrotti<\/strong> dla suszarni ziarna <strong>W hali 6, miejsce H51<\/strong>.<\/li>\n<li><strong>Bomech<\/strong> sprz\u0119t do wtrysku gnojowicy <strong>W hali 22, miejsce B06<\/strong>.<\/li>\n<li><strong>Solo<\/strong> zostanie zainstalowany sprz\u0119t do siewu <strong>Hala 11, miejsce C31<\/strong>.<\/li>\n<li>Hiszpa\u0144ski producent ro\u015blin uprawnych <strong>Owce<\/strong>\u00a0Ekspozycja -\u00a0<strong>W hali 11, miejsce A20<\/strong>.<\/li>\n<li><strong>PTG<\/strong>dystrybutor system\u00f3w regulacji ci\u015bnienia w oponach, za\u0142o\u017cy sp\u00f3\u0142k\u0119 <strong>Pok\u00f3j 20, lokalizacja B09<\/strong>.<\/li>\n<li>Czeskie firmy\u00a0<strong>Maszyny JK<\/strong>\u00a0b\u0119dzie mo\u017cna zobaczy\u0107 sprz\u0119t\u00a0<strong>W hali 6, miejsce G31<\/strong>.<\/li>\n<li><strong>Romil<\/strong>\u00a0znajd\u0105 Pa\u0144stwo stoisko firmy zajmuj\u0105cej si\u0119 technologi\u0105 produkcji pasz\u00a0<strong>W hali 7, lokalizacja A02<\/strong>.<\/li>\n<li><strong>AvMap<\/strong> sprz\u0119t rolnictwa precyzyjnego <strong>Pok\u00f3j 21, miejsce A33<\/strong>.<\/li>\n<\/ul>\n<\/div><\/div><div class=\"w-separator size_medium\"><\/div><div class=\"wpb_text_column\"><div class=\"wpb_wrapper\"><h4>G\u0142\u00f3wn\u0105 atrakcj\u0105 wystawy AGRIO jest samojezdny opryskiwacz DINO 3<\/h4>\n<\/div><\/div><div class=\"w-separator size_small\"><\/div><div class=\"g-cols wpb_row via_grid cols_2 laptops-cols_inherit tablets-cols_inherit mobiles-cols_1 valign_middle type_default stacking_default\"><div class=\"wpb_column vc_column_container\"><div class=\"vc_column-inner\"><div class=\"wpb_text_column\"><div class=\"wpb_wrapper\"><p>Opryskiwacz ten jest szczeg\u00f3lnie przydatny na terenach pag\u00f3rkowatych. Dzi\u0119ki unikalnemu zawieszeniu osi i hydraulicznej konstrukcji nap\u0119du, <strong>DINO<\/strong> mo\u017ce nie tylko wspina\u0107 si\u0119 na wysokie wzniesienia, ale tak\u017ce przeje\u017cd\u017ca\u0107 przez mokre obszary, kt\u00f3re by\u0142yby pu\u0142apk\u0105 dla innych samochod\u00f3w. Ten samobie\u017cny opryskiwacz mo\u017ce by\u0107 <strong>6000 lub 7000<\/strong> litr\u00f3w z <strong>18-36 metr\u00f3w<\/strong> belki o szeroko\u015bci roboczej.<\/p>\n<p>B\u0119dzie mo\u017cna r\u00f3wnie\u017c zobaczy\u0107 najwi\u0119kszy opryskiwacz zaczepiany na rynku <strong>GIGANT<\/strong>. Wyposa\u017cenie <strong>Pojemno\u015b\u0107 10000-14000 litr\u00f3w<\/strong> Dzi\u0119ki zbiornikowi i podwoziu tandemowemu opryskiwacz z \u0142atwo\u015bci\u0105 udowadnia swoj\u0105 przewag\u0119, wykorzystuj\u0105c maksymaln\u0105 szeroko\u015b\u0107 robocz\u0105 belki na bardzo du\u017cych powierzchniach.<\/p>\n<\/div><\/div><\/div><\/div><div class=\"wpb_column vc_column_container\"><div class=\"vc_column-inner\"><div class=\"w-image align_center\"><div class=\"w-image-h\"><img width=\"640\" height=\"400\" src=\"https:\/\/www.agroteka.lt\/wp-content\/uploads\/savaeigiai-purktuvai-dino3-640x400.jpg\" class=\"attachment-us_700_400 size-us_700_400\" alt=\"Opryskiwacze samojezdne Dino\" decoding=\"async\" srcset=\"https:\/\/www.agroteka.lt\/wp-content\/uploads\/savaeigiai-purktuvai-dino3-640x400.jpg 640w, https:\/\/www.agroteka.lt\/wp-content\/uploads\/savaeigiai-purktuvai-dino3-300x188.jpg 300w, https:\/\/www.agroteka.lt\/wp-content\/uploads\/savaeigiai-purktuvai-dino3-1024x640.jpg 1024w, https:\/\/www.agroteka.lt\/wp-content\/uploads\/savaeigiai-purktuvai-dino3.jpg 2000w\" sizes=\"(max-width: 640px) 100vw, 640px\" \/><\/div><\/div><\/div><\/div><\/div><div class=\"w-separator size_medium\"><\/div><div class=\"wpb_text_column\"><div class=\"wpb_wrapper\"><h4>Nowe rozrzutniki obornika STRAUTMANN MS: wszechstronno\u015b\u0107, wydajno\u015b\u0107 i niezawodno\u015b\u0107<\/h4>\n<\/div><\/div><div class=\"w-separator size_small\"><\/div><div class=\"wpb_text_column\"><div class=\"wpb_wrapper\"><p>Wraz z now\u0105 seri\u0105 wytrz\u0105sarek MS, STRAUTMANN prezentuje dwa pot\u0119\u017cne modele - <strong>MS 105 i MS 120.<\/strong> Zaprojektowane specjalnie do rozrzucania obornika i innych nawoz\u00f3w organicznych, oba rozrzutniki nadal wyr\u00f3\u017cniaj\u0105 si\u0119 wszechstronno\u015bci\u0105, wydajno\u015bci\u0105 i trwa\u0142o\u015bci\u0105.<\/p>\n<p>Nowe modele o pojemno\u015bci do <strong>10,5 m\u00b3<\/strong> (MS 105) i <strong>12 m\u00b3<\/strong> (MS 120) zast\u0105pi obecne wytrz\u0105sarki MS 801-MS 1401 od 2026 roku.<\/p>\n<\/div><\/div><div class=\"w-separator size_small\"><\/div><div class=\"g-cols wpb_row via_grid cols_2 laptops-cols_inherit tablets-cols_inherit mobiles-cols_1 valign_middle type_default stacking_default\"><div class=\"wpb_column vc_column_container\"><div class=\"vc_column-inner\"><div class=\"wpb_text_column\"><div class=\"wpb_wrapper\"><p><strong>G\u0142\u00f3wne zalety nowych wytrz\u0105sarek MS:<\/strong><\/p>\n<ul>\n<li>Szeroki wyb\u00f3r narz\u0119dzi dla r\u00f3\u017cnych modeli<\/li>\n<li>Solidna konstrukcja i trwa\u0142e komponenty do intensywnego u\u017cytkowania<\/li>\n<li>Wysoka dok\u0142adno\u015b\u0107 wytrz\u0105sania dla r\u00f3wnomiernego rozprowadzania nawozu<\/li>\n<\/ul>\n<\/div><\/div><div class=\"w-separator size_small\"><\/div><div class=\"wpb_text_column\"><div class=\"wpb_wrapper\"><p>Dzi\u0119ki nowej serii MS, STRAUTMANN \u0142\u0105czy sprawdzon\u0105 technologi\u0119 z jeszcze wi\u0119ksz\u0105 elastyczno\u015bci\u0105, solidnymi komponentami, przemy\u015blanymi detalami i praktycznymi rozwi\u0105zaniami, kt\u00f3re sprawiaj\u0105, \u017ce nowe wytrz\u0105sacze MS s\u0105 niezawodn\u0105 maszyn\u0105 zar\u00f3wno dla rolnik\u00f3w, jak i us\u0142ugodawc\u00f3w.<\/p>\n<\/div><\/div><\/div><\/div><div class=\"wpb_column vc_column_container\"><div class=\"vc_column-inner\"><div class=\"w-image align_none\"><div class=\"w-image-h\"><img width=\"640\" height=\"400\" src=\"https:\/\/www.agroteka.lt\/wp-content\/uploads\/STRAUTMANN-MS-kratytuvas-naujas-2-1-640x400.jpg\" class=\"attachment-us_700_400 size-us_700_400\" alt=\"2 opcje urz\u0105dze\u0144 rozsiewaj\u0105cych\" decoding=\"async\" srcset=\"https:\/\/www.agroteka.lt\/wp-content\/uploads\/STRAUTMANN-MS-kratytuvas-naujas-2-1-640x400.jpg 640w, https:\/\/www.agroteka.lt\/wp-content\/uploads\/STRAUTMANN-MS-kratytuvas-naujas-2-1-300x188.jpg 300w, https:\/\/www.agroteka.lt\/wp-content\/uploads\/STRAUTMANN-MS-kratytuvas-naujas-2-1-1024x640.jpg 1024w, https:\/\/www.agroteka.lt\/wp-content\/uploads\/STRAUTMANN-MS-kratytuvas-naujas-2-1-18x12.jpg 18w, https:\/\/www.agroteka.lt\/wp-content\/uploads\/STRAUTMANN-MS-kratytuvas-naujas-2-1-500x313.jpg 500w, https:\/\/www.agroteka.lt\/wp-content\/uploads\/STRAUTMANN-MS-kratytuvas-naujas-2-1.jpg 2000w\" sizes=\"(max-width: 640px) 100vw, 640px\" \/><\/div><\/div><\/div><\/div><\/div><div class=\"w-separator size_medium\"><\/div><div class=\"wpb_text_column\"><div class=\"wpb_wrapper\"><h4><span lang=\"en-US\">OVLAC <\/span><span lang=\"lt\">podczas tegorocznych targ\u00f3w zaprezentuje nowy kultywator ATLander Shallow Cultivator.<\/span><\/h4>\n<\/div><\/div><div class=\"w-separator size_small\"><\/div><div class=\"wpb_text_column\"><div class=\"wpb_wrapper\"><p>Zaprojektowany do pracy <strong>do 15 cm g\u0142\u0119boko\u015bci<\/strong>ATLander jest wszechstronny - od uk\u0142adania \u015bcierniska po mechaniczne zwalczanie chwast\u00f3w lub przygotowanie \u0142o\u017ca siewnego. Bardzo p\u0142askie z\u0119by wysi\u0119gnika, dost\u0119pne r\u00f3wnie\u017c z ko\u0144c\u00f3wkami z w\u0119glika wolframu, zapewniaj\u0105 r\u00f3wnomierne ci\u0119cie na ca\u0142ej szeroko\u015bci roboczej i pozostawiaj\u0105 idealnie r\u00f3wn\u0105 powierzchni\u0119.<\/p>\n<p>Dost\u0119pne od <span style=\"font-weight: bold;\">6 <\/span>I<span style=\"font-weight: bold;\"> 7,5 m<\/span> modele o szeroko\u015bci roboczej. <span style=\"font-weight: bold;\">ATLander<\/span> \u0142\u0105czy w sobie wydajno\u015b\u0107, niskie zu\u017cycie paliwa i zr\u00f3wnowa\u017cony rozw\u00f3j, dzi\u0119ki czemu jest niezb\u0119dnym narz\u0119dziem w nowoczesnym rolnictwie.<\/p>\n<\/div><\/div><div class=\"w-separator size_small\"><\/div><div class=\"g-cols wpb_row via_grid cols_2 laptops-cols_inherit tablets-cols_inherit mobiles-cols_1 valign_middle type_default stacking_default\"><div class=\"wpb_column vc_column_container\"><div class=\"vc_column-inner\"><div class=\"w-image align_center\"><div class=\"w-image-h\"><img width=\"640\" height=\"400\" src=\"https:\/\/www.agroteka.lt\/wp-content\/uploads\/OVLAC-ATLander-1-640x400.jpg\" class=\"attachment-us_700_400 size-us_700_400\" alt=\"\" decoding=\"async\" srcset=\"https:\/\/www.agroteka.lt\/wp-content\/uploads\/OVLAC-ATLander-1-640x400.jpg 640w, https:\/\/www.agroteka.lt\/wp-content\/uploads\/OVLAC-ATLander-1-300x188.jpg 300w, https:\/\/www.agroteka.lt\/wp-content\/uploads\/OVLAC-ATLander-1-1024x640.jpg 1024w, https:\/\/www.agroteka.lt\/wp-content\/uploads\/OVLAC-ATLander-1-18x12.jpg 18w, https:\/\/www.agroteka.lt\/wp-content\/uploads\/OVLAC-ATLander-1-500x313.jpg 500w, https:\/\/www.agroteka.lt\/wp-content\/uploads\/OVLAC-ATLander-1.jpg 2000w\" sizes=\"(max-width: 640px) 100vw, 640px\" \/><\/div><\/div><\/div><\/div><div class=\"wpb_column vc_column_container\"><div class=\"vc_column-inner\"><div class=\"w-image align_none\"><div class=\"w-image-h\"><img width=\"640\" height=\"400\" src=\"https:\/\/www.agroteka.lt\/wp-content\/uploads\/OVLAC-ATLander-2-640x400.jpg\" class=\"attachment-us_700_400 size-us_700_400\" alt=\"\" decoding=\"async\" srcset=\"https:\/\/www.agroteka.lt\/wp-content\/uploads\/OVLAC-ATLander-2-640x400.jpg 640w, https:\/\/www.agroteka.lt\/wp-content\/uploads\/OVLAC-ATLander-2-300x188.jpg 300w, https:\/\/www.agroteka.lt\/wp-content\/uploads\/OVLAC-ATLander-2-1024x640.jpg 1024w, https:\/\/www.agroteka.lt\/wp-content\/uploads\/OVLAC-ATLander-2-18x12.jpg 18w, https:\/\/www.agroteka.lt\/wp-content\/uploads\/OVLAC-ATLander-2-500x313.jpg 500w, https:\/\/www.agroteka.lt\/wp-content\/uploads\/OVLAC-ATLander-2.jpg 2000w\" sizes=\"(max-width: 640px) 100vw, 640px\" \/><\/div><\/div><\/div><\/div><\/div><div class=\"w-separator size_small\"><\/div><div class=\"wpb_text_column\"><div class=\"wpb_wrapper\"><p>Wystawy <strong>Owce<\/strong> zaprezentuje r\u00f3wnie\u017c swoje najs\u0142ynniejsze narz\u0119dzia:<\/p>\n<ul>\n<li><strong>XPerience<\/strong> - P\u0142ugi do pracy w bru\u017adzie i na powierzchni;<\/li>\n<li><strong>Ma\u0142y<\/strong> - p\u0142ugi do p\u0142ytkiej orki;<\/li>\n<li><strong>Versatill<\/strong> - wszechstronne i wytrzyma\u0142e kultywatory do uprawy pionowej;<\/li>\n<li><strong>Maxidisc II<\/strong> - Wysokowydajne kr\u00f3tkie brony talerzowe;<\/li>\n<li><strong>Minivid Pro<\/strong> - specjalistyczne rozwi\u0105zanie dla winnic.<\/li>\n<\/ul>\n<\/div><\/div><div class=\"w-separator size_medium\"><\/div><div class=\"wpb_text_column\"><div class=\"wpb_wrapper\"><h4>Najnowszy dodatek do wysokiej klasy mulczer\u00f3w niemieckiej marki M\u00fcthing - MU-PRO\/R Vario<\/h4>\n<\/div><\/div><div class=\"w-separator size_small\"><\/div><div class=\"wpb_text_column\"><div class=\"wpb_wrapper\"><p>M\u00fcthing wyznacza nowe standardy na rynku mi\u0119dzynarodowym dzi\u0119ki nowej serii mulczer\u00f3w. Na targach AGRITECHNICA 2025 zostanie zaprezentowana najnowsza seria niemieckich mulczer\u00f3w MU-PRO\/R Vario!<\/p>\n<\/div><\/div><div class=\"w-separator size_small\"><\/div><div class=\"g-cols wpb_row via_grid cols_2 laptops-cols_inherit tablets-cols_inherit mobiles-cols_1 valign_middle type_default stacking_default\"><div class=\"wpb_column vc_column_container\"><div class=\"vc_column-inner\"><div class=\"wpb_text_column\"><div class=\"wpb_wrapper\"><p>Seria ta \u0142\u0105czy w sobie jako\u015b\u0107 serii mulczer\u00f3w M\u00fcthing Vario z wyposa\u017ceniem dostosowanym do potrzeb r\u00f3\u017cnych rynk\u00f3w na ca\u0142ym \u015bwiecie.<\/p>\n<p>Szeroko\u015b\u0107 robocza mulczer\u00f3w od 2,80 do 3,20 metra. Dost\u0119pne r\u00f3wnie\u017c z rolk\u0105 podporow\u0105 lub alternatywnie z ko\u0142ami podporowymi.<\/p>\n<\/div><\/div><div class=\"w-separator size_small\"><\/div><div class=\"wpb_text_column\"><div class=\"wpb_wrapper\"><p><strong>Te mulczery r\u00f3wnie\u017c zostan\u0105 zaprezentowane:<\/strong><\/p>\n<ul>\n<li>MU-M\/S Vario Plus<\/li>\n<li>MU-PRO\/F 860 Vario<\/li>\n<li>i wi\u0119cej wiadomo\u015bci o M\u00fcthing<\/li>\n<\/ul>\n<\/div><\/div><\/div><\/div><div class=\"wpb_column vc_column_container\"><div class=\"vc_column-inner\"><div class=\"w-image align_none\"><div class=\"w-image-h\"><img width=\"640\" height=\"400\" src=\"https:\/\/www.agroteka.lt\/wp-content\/uploads\/MUTHING-MU-PROR-Vario-1-640x400.jpg\" class=\"attachment-us_700_400 size-us_700_400\" alt=\"\" decoding=\"async\" srcset=\"https:\/\/www.agroteka.lt\/wp-content\/uploads\/MUTHING-MU-PROR-Vario-1-640x400.jpg 640w, https:\/\/www.agroteka.lt\/wp-content\/uploads\/MUTHING-MU-PROR-Vario-1-300x188.jpg 300w, https:\/\/www.agroteka.lt\/wp-content\/uploads\/MUTHING-MU-PROR-Vario-1-1024x640.jpg 1024w, https:\/\/www.agroteka.lt\/wp-content\/uploads\/MUTHING-MU-PROR-Vario-1-18x12.jpg 18w, https:\/\/www.agroteka.lt\/wp-content\/uploads\/MUTHING-MU-PROR-Vario-1-500x313.jpg 500w, https:\/\/www.agroteka.lt\/wp-content\/uploads\/MUTHING-MU-PROR-Vario-1.jpg 2000w\" sizes=\"(max-width: 640px) 100vw, 640px\" \/><\/div><\/div><\/div><\/div><\/div><div class=\"w-separator size_medium\"><\/div><div class=\"wpb_text_column\"><div class=\"wpb_wrapper\"><h4>FARMNAVIGATOR Pilota - \u0142atwy w instalacji, kompletny i niezawodny automatyczny system jazdy<\/h4>\n<\/div><\/div><div class=\"w-separator size_small\"><\/div><div class=\"g-cols wpb_row via_grid cols_2 laptops-cols_inherit tablets-cols_inherit mobiles-cols_1 valign_middle type_default stacking_default\"><div class=\"wpb_column vc_column_container\"><div class=\"vc_column-inner\"><div class=\"wpb_text_column\"><div class=\"wpb_wrapper\"><p>AvMap zaprezentuje zautomatyzowany system jazdy Farmnavigator Pilota, kompaktowe i lekkie rozwi\u0105zanie zaprojektowane w celu optymalizacji koszt\u00f3w i uproszczenia instalacji. Ca\u0142a platforma inercyjna jest zintegrowana z pot\u0119\u017cn\u0105 anten\u0105 RTK All in One, eliminuj\u0105c potrzeb\u0119 stosowania zewn\u0119trznej jednostki steruj\u0105cej.<\/p>\n<p data-start=\"646\" data-end=\"848\">FARMNAVIGATOR Pilota oferuje prosty i wydajny proces kalibracji - wystarczy wprowadzi\u0107 wymiary ci\u0105gnika i wykona\u0107 kilka jasno okre\u015blonych krok\u00f3w zgodnie z instrukcjami wy\u015bwietlanymi na ekranie.<\/p>\n<p data-start=\"850\" data-end=\"1122\">System integruje si\u0119 z wielofunkcyjnymi wy\u015bwietlaczami G7 i G12, kt\u00f3re oferuj\u0105 wysokiej jako\u015bci sprz\u0119t, zaawansowane funkcje ISOBUS i \u0142\u0105czno\u015b\u0107 z platform\u0105 chmurow\u0105 MyFarmnavigator.com, umo\u017cliwiaj\u0105c gospodarstwu rozpocz\u0119cie cyfrowej transformacji.<\/p>\n<\/div><\/div><\/div><\/div><div class=\"wpb_column vc_column_container\"><div class=\"vc_column-inner\"><div class=\"w-image align_none\"><div class=\"w-image-h\"><img width=\"640\" height=\"400\" src=\"https:\/\/www.agroteka.lt\/wp-content\/uploads\/Farmnavigator-pilota-1-640x400.jpg\" class=\"attachment-us_700_400 size-us_700_400\" alt=\"\" decoding=\"async\" srcset=\"https:\/\/www.agroteka.lt\/wp-content\/uploads\/Farmnavigator-pilota-1-640x400.jpg 640w, https:\/\/www.agroteka.lt\/wp-content\/uploads\/Farmnavigator-pilota-1-300x188.jpg 300w, https:\/\/www.agroteka.lt\/wp-content\/uploads\/Farmnavigator-pilota-1-1024x640.jpg 1024w, https:\/\/www.agroteka.lt\/wp-content\/uploads\/Farmnavigator-pilota-1-18x12.jpg 18w, https:\/\/www.agroteka.lt\/wp-content\/uploads\/Farmnavigator-pilota-1-500x313.jpg 500w, https:\/\/www.agroteka.lt\/wp-content\/uploads\/Farmnavigator-pilota-1.jpg 1920w\" sizes=\"(max-width: 640px) 100vw, 640px\" \/><\/div><\/div><\/div><\/div><\/div><div class=\"w-separator size_medium\"><\/div><div class=\"wpb_text_column\"><div class=\"wpb_wrapper\"><p>Oto tylko kilka z najwa\u017cniejszych wydarze\u0144 AGRITECHNICA 2025, kt\u00f3re znamy. Dowiedz si\u0119 wi\u0119cej, \u015bledz\u0105c nas lub uczestnicz\u0105c w targach w Hanowerze, w Niemczech, w dniach 9-15 listopada. Nie przegap okazji, aby zobaczy\u0107 najnowsze innowacje i rozwi\u0105zania w rolnictwie!<\/p>\n<\/div><\/div><\/div><\/div><\/div><\/div><\/section><div class=\"wpb_column vc_column_container\"><div class=\"vc_column-inner\"><\/div><\/div><div class=\"wpb_column vc_column_container\"><div class=\"vc_column-inner\"><\/div><\/div>","protected":false},"excerpt":{"rendered":"Pasaulyje pirmaujanti \u017eem\u0117s \u016bkio technikos paroda AGRITECHNICA 2025 jau lapkr\u010dio 9\u201315 dienomis \u012fvyks Hanoveryje, Vokietijoje. Kvie\u010diame aplankyti m\u016bs\u0173 atstovaujamus prek\u0117s \u017eenklus: Agrio\u00a0prikabinam\u0173 ir savaeigi\u0173 purk\u0161tuv\u0173 gamintoj\u0105 gal\u0117site rasti 9 sal\u0117je G13 vietoje. Strautmann \u012fmon\u0117, pasi\u017eyminti gyvulininkyst\u0117s technikos asortimentu, bus \u012fsik\u016brusi 27 sal\u0117je D32 vietoje. M\u00fcthing auk\u0161tos klas\u0117s voki\u0161kus mul\u010derius rasite 11 sal\u0117je B35 vietoje. Goweil...","protected":false},"author":5,"featured_media":16931,"comment_status":"closed","ping_status":"closed","sticky":false,"template":"","format":"standard","meta":{"inline_featured_image":false,"footnotes":"","iawp_total_views":56},"categories":[1],"tags":[],"acf":[],"yoast_head":"<!-- This site is optimized with the Yoast SEO plugin v22.4 - https:\/\/yoast.com\/wordpress\/plugins\/seo\/ -->\n<title>Kvie\u010diame aplankyti m\u016bs\u0173 atstovaujamus prek\u0117s \u017eenklus AGRITECHNICA 2025 parodoje | Agroteka<\/title>\n<meta name=\"robots\" content=\"index, follow, max-snippet:-1, max-image-preview:large, max-video-preview:-1\" \/>\n<link rel=\"canonical\" href=\"https:\/\/www.agroteka.lt\/pl\/zapraszamy-do-odwiedzenia-naszych-przedstawicieli-na-targach-agritechnica-2025\/\" \/>\n<meta property=\"og:locale\" content=\"pl_PL\" \/>\n<meta property=\"og:type\" content=\"article\" \/>\n<meta property=\"og:title\" content=\"Kvie\u010diame aplankyti m\u016bs\u0173 atstovaujamus prek\u0117s \u017eenklus AGRITECHNICA 2025 parodoje | Agroteka\" \/>\n<meta property=\"og:url\" content=\"https:\/\/www.agroteka.lt\/pl\/zapraszamy-do-odwiedzenia-naszych-przedstawicieli-na-targach-agritechnica-2025\/\" \/>\n<meta property=\"og:site_name\" content=\"Agroteka\" \/>\n<meta property=\"article:publisher\" content=\"https:\/\/www.facebook.com\/uabagroteka\" \/>\n<meta property=\"article:published_time\" content=\"2025-10-20T13:40:50+00:00\" \/>\n<meta property=\"article:modified_time\" content=\"2025-11-07T14:34:50+00:00\" \/>\n<meta property=\"og:image\" content=\"https:\/\/www.agroteka.lt\/wp-content\/uploads\/Puslapio-naujienos-baneris-1024-x-767-px-2-1.jpg\" \/>\n\t<meta property=\"og:image:width\" content=\"1024\" \/>\n\t<meta property=\"og:image:height\" content=\"767\" \/>\n\t<meta property=\"og:image:type\" content=\"image\/jpeg\" \/>\n<meta name=\"author\" content=\"Ineta\" \/>\n<meta name=\"twitter:card\" content=\"summary_large_image\" \/>\n<meta name=\"twitter:label1\" content=\"Napisane przez\" \/>\n\t<meta name=\"twitter:data1\" content=\"Ineta\" \/>\n\t<meta name=\"twitter:label2\" content=\"Szacowany czas czytania\" \/>\n\t<meta name=\"twitter:data2\" content=\"4 minuty\" \/>\n<script type=\"application\/ld+json\" class=\"yoast-schema-graph\">{\"@context\":\"https:\/\/schema.org\",\"@graph\":[{\"@type\":\"Article\",\"@id\":\"https:\/\/www.agroteka.lt\/kvieciame-aplankyti-musu-atstovaujamus-prekes-zenklus-agritechnica-2025-parodoje\/#article\",\"isPartOf\":{\"@id\":\"https:\/\/www.agroteka.lt\/kvieciame-aplankyti-musu-atstovaujamus-prekes-zenklus-agritechnica-2025-parodoje\/\"},\"author\":{\"name\":\"Ineta\",\"@id\":\"https:\/\/www.agroteka.lt\/#\/schema\/person\/c7c2383a04d618a29574466f6ca6c7c1\"},\"headline\":\"Kvie\u010diame aplankyti m\u016bs\u0173 atstovaujamus prek\u0117s \u017eenklus AGRITECHNICA 2025 parodoje\",\"datePublished\":\"2025-10-20T13:40:50+00:00\",\"dateModified\":\"2025-11-07T14:34:50+00:00\",\"mainEntityOfPage\":{\"@id\":\"https:\/\/www.agroteka.lt\/kvieciame-aplankyti-musu-atstovaujamus-prekes-zenklus-agritechnica-2025-parodoje\/\"},\"wordCount\":1198,\"publisher\":{\"@id\":\"https:\/\/www.agroteka.lt\/#organization\"},\"image\":{\"@id\":\"https:\/\/www.agroteka.lt\/kvieciame-aplankyti-musu-atstovaujamus-prekes-zenklus-agritechnica-2025-parodoje\/#primaryimage\"},\"thumbnailUrl\":\"https:\/\/www.agroteka.lt\/wp-content\/uploads\/Puslapio-naujienos-baneris-1024-x-767-px-2-1.jpg\",\"articleSection\":[\"Naujienos\"],\"inLanguage\":\"pl-PL\"},{\"@type\":\"WebPage\",\"@id\":\"https:\/\/www.agroteka.lt\/kvieciame-aplankyti-musu-atstovaujamus-prekes-zenklus-agritechnica-2025-parodoje\/\",\"url\":\"https:\/\/www.agroteka.lt\/kvieciame-aplankyti-musu-atstovaujamus-prekes-zenklus-agritechnica-2025-parodoje\/\",\"name\":\"Kvie\u010diame aplankyti m\u016bs\u0173 atstovaujamus prek\u0117s \u017eenklus AGRITECHNICA 2025 parodoje | Agroteka\",\"isPartOf\":{\"@id\":\"https:\/\/www.agroteka.lt\/#website\"},\"primaryImageOfPage\":{\"@id\":\"https:\/\/www.agroteka.lt\/kvieciame-aplankyti-musu-atstovaujamus-prekes-zenklus-agritechnica-2025-parodoje\/#primaryimage\"},\"image\":{\"@id\":\"https:\/\/www.agroteka.lt\/kvieciame-aplankyti-musu-atstovaujamus-prekes-zenklus-agritechnica-2025-parodoje\/#primaryimage\"},\"thumbnailUrl\":\"https:\/\/www.agroteka.lt\/wp-content\/uploads\/Puslapio-naujienos-baneris-1024-x-767-px-2-1.jpg\",\"datePublished\":\"2025-10-20T13:40:50+00:00\",\"dateModified\":\"2025-11-07T14:34:50+00:00\",\"breadcrumb\":{\"@id\":\"https:\/\/www.agroteka.lt\/kvieciame-aplankyti-musu-atstovaujamus-prekes-zenklus-agritechnica-2025-parodoje\/#breadcrumb\"},\"inLanguage\":\"pl-PL\",\"potentialAction\":[{\"@type\":\"ReadAction\",\"target\":[\"https:\/\/www.agroteka.lt\/kvieciame-aplankyti-musu-atstovaujamus-prekes-zenklus-agritechnica-2025-parodoje\/\"]}]},{\"@type\":\"ImageObject\",\"inLanguage\":\"pl-PL\",\"@id\":\"https:\/\/www.agroteka.lt\/kvieciame-aplankyti-musu-atstovaujamus-prekes-zenklus-agritechnica-2025-parodoje\/#primaryimage\",\"url\":\"https:\/\/www.agroteka.lt\/wp-content\/uploads\/Puslapio-naujienos-baneris-1024-x-767-px-2-1.jpg\",\"contentUrl\":\"https:\/\/www.agroteka.lt\/wp-content\/uploads\/Puslapio-naujienos-baneris-1024-x-767-px-2-1.jpg\",\"width\":1024,\"height\":767},{\"@type\":\"BreadcrumbList\",\"@id\":\"https:\/\/www.agroteka.lt\/kvieciame-aplankyti-musu-atstovaujamus-prekes-zenklus-agritechnica-2025-parodoje\/#breadcrumb\",\"itemListElement\":[{\"@type\":\"ListItem\",\"position\":1,\"name\":\"Home\",\"item\":\"https:\/\/www.agroteka.lt\/\"},{\"@type\":\"ListItem\",\"position\":2,\"name\":\"Kvie\u010diame aplankyti m\u016bs\u0173 atstovaujamus prek\u0117s \u017eenklus AGRITECHNICA 2025 parodoje\"}]},{\"@type\":\"WebSite\",\"@id\":\"https:\/\/www.agroteka.lt\/#website\",\"url\":\"https:\/\/www.agroteka.lt\/\",\"name\":\"Agroteka\",\"description\":\"\u017dem\u0117s \u016bkio technika, agro paslaugos, atsargin\u0117s dalys.\",\"publisher\":{\"@id\":\"https:\/\/www.agroteka.lt\/#organization\"},\"potentialAction\":[{\"@type\":\"SearchAction\",\"target\":{\"@type\":\"EntryPoint\",\"urlTemplate\":\"https:\/\/www.agroteka.lt\/?s={search_term_string}\"},\"query-input\":\"required name=search_term_string\"}],\"inLanguage\":\"pl-PL\"},{\"@type\":\"Organization\",\"@id\":\"https:\/\/www.agroteka.lt\/#organization\",\"name\":\"Agroteka\",\"url\":\"https:\/\/www.agroteka.lt\/\",\"logo\":{\"@type\":\"ImageObject\",\"inLanguage\":\"pl-PL\",\"@id\":\"https:\/\/www.agroteka.lt\/#\/schema\/logo\/image\/\",\"url\":\"https:\/\/www.agroteka.lt\/wp-content\/uploads\/Agroteka_logo_bg.jpg\",\"contentUrl\":\"https:\/\/www.agroteka.lt\/wp-content\/uploads\/Agroteka_logo_bg.jpg\",\"width\":1000,\"height\":422,\"caption\":\"Agroteka\"},\"image\":{\"@id\":\"https:\/\/www.agroteka.lt\/#\/schema\/logo\/image\/\"},\"sameAs\":[\"https:\/\/www.facebook.com\/uabagroteka\",\"https:\/\/www.youtube.com\/user\/UABAgroteka\"]},{\"@type\":\"Person\",\"@id\":\"https:\/\/www.agroteka.lt\/#\/schema\/person\/c7c2383a04d618a29574466f6ca6c7c1\",\"name\":\"Ineta\",\"image\":{\"@type\":\"ImageObject\",\"inLanguage\":\"pl-PL\",\"@id\":\"https:\/\/www.agroteka.lt\/#\/schema\/person\/image\/\",\"url\":\"https:\/\/secure.gravatar.com\/avatar\/859f88ac55f964193f30157c95b71f87?s=96&d=mm&r=g\",\"contentUrl\":\"https:\/\/secure.gravatar.com\/avatar\/859f88ac55f964193f30157c95b71f87?s=96&d=mm&r=g\",\"caption\":\"Ineta\"},\"url\":\"https:\/\/www.agroteka.lt\/pl\/author\/ineta-mrkt1\/\"}]}<\/script>\n<!-- \/ Yoast SEO plugin. -->","yoast_head_json":{"title":"Zapraszamy do odwiedzenia naszych marek na targach AGRITECHNICA 2025 | Agroteka","robots":{"index":"index","follow":"follow","max-snippet":"max-snippet:-1","max-image-preview":"max-image-preview:large","max-video-preview":"max-video-preview:-1"},"canonical":"https:\/\/www.agroteka.lt\/pl\/zapraszamy-do-odwiedzenia-naszych-przedstawicieli-na-targach-agritechnica-2025\/","og_locale":"pl_PL","og_type":"article","og_title":"Kvie\u010diame aplankyti m\u016bs\u0173 atstovaujamus prek\u0117s \u017eenklus AGRITECHNICA 2025 parodoje | Agroteka","og_url":"https:\/\/www.agroteka.lt\/pl\/zapraszamy-do-odwiedzenia-naszych-przedstawicieli-na-targach-agritechnica-2025\/","og_site_name":"Agroteka","article_publisher":"https:\/\/www.facebook.com\/uabagroteka","article_published_time":"2025-10-20T13:40:50+00:00","article_modified_time":"2025-11-07T14:34:50+00:00","og_image":[{"width":1024,"height":767,"url":"https:\/\/www.agroteka.lt\/wp-content\/uploads\/Puslapio-naujienos-baneris-1024-x-767-px-2-1.jpg","type":"image\/jpeg"}],"author":"Ineta","twitter_card":"summary_large_image","twitter_misc":{"Napisane przez":"Ineta","Szacowany czas czytania":"4 minuty"},"schema":{"@context":"https:\/\/schema.org","@graph":[{"@type":"Article","@id":"https:\/\/www.agroteka.lt\/kvieciame-aplankyti-musu-atstovaujamus-prekes-zenklus-agritechnica-2025-parodoje\/#article","isPartOf":{"@id":"https:\/\/www.agroteka.lt\/kvieciame-aplankyti-musu-atstovaujamus-prekes-zenklus-agritechnica-2025-parodoje\/"},"author":{"name":"Ineta","@id":"https:\/\/www.agroteka.lt\/#\/schema\/person\/c7c2383a04d618a29574466f6ca6c7c1"},"headline":"Kvie\u010diame aplankyti m\u016bs\u0173 atstovaujamus prek\u0117s \u017eenklus AGRITECHNICA 2025 parodoje","datePublished":"2025-10-20T13:40:50+00:00","dateModified":"2025-11-07T14:34:50+00:00","mainEntityOfPage":{"@id":"https:\/\/www.agroteka.lt\/kvieciame-aplankyti-musu-atstovaujamus-prekes-zenklus-agritechnica-2025-parodoje\/"},"wordCount":1198,"publisher":{"@id":"https:\/\/www.agroteka.lt\/#organization"},"image":{"@id":"https:\/\/www.agroteka.lt\/kvieciame-aplankyti-musu-atstovaujamus-prekes-zenklus-agritechnica-2025-parodoje\/#primaryimage"},"thumbnailUrl":"https:\/\/www.agroteka.lt\/wp-content\/uploads\/Puslapio-naujienos-baneris-1024-x-767-px-2-1.jpg","articleSection":["Naujienos"],"inLanguage":"pl-PL"},{"@type":"WebPage","@id":"https:\/\/www.agroteka.lt\/kvieciame-aplankyti-musu-atstovaujamus-prekes-zenklus-agritechnica-2025-parodoje\/","url":"https:\/\/www.agroteka.lt\/kvieciame-aplankyti-musu-atstovaujamus-prekes-zenklus-agritechnica-2025-parodoje\/","name":"Zapraszamy do odwiedzenia naszych marek na targach AGRITECHNICA 2025 | Agroteka","isPartOf":{"@id":"https:\/\/www.agroteka.lt\/#website"},"primaryImageOfPage":{"@id":"https:\/\/www.agroteka.lt\/kvieciame-aplankyti-musu-atstovaujamus-prekes-zenklus-agritechnica-2025-parodoje\/#primaryimage"},"image":{"@id":"https:\/\/www.agroteka.lt\/kvieciame-aplankyti-musu-atstovaujamus-prekes-zenklus-agritechnica-2025-parodoje\/#primaryimage"},"thumbnailUrl":"https:\/\/www.agroteka.lt\/wp-content\/uploads\/Puslapio-naujienos-baneris-1024-x-767-px-2-1.jpg","datePublished":"2025-10-20T13:40:50+00:00","dateModified":"2025-11-07T14:34:50+00:00","breadcrumb":{"@id":"https:\/\/www.agroteka.lt\/kvieciame-aplankyti-musu-atstovaujamus-prekes-zenklus-agritechnica-2025-parodoje\/#breadcrumb"},"inLanguage":"pl-PL","potentialAction":[{"@type":"ReadAction","target":["https:\/\/www.agroteka.lt\/kvieciame-aplankyti-musu-atstovaujamus-prekes-zenklus-agritechnica-2025-parodoje\/"]}]},{"@type":"ImageObject","inLanguage":"pl-PL","@id":"https:\/\/www.agroteka.lt\/kvieciame-aplankyti-musu-atstovaujamus-prekes-zenklus-agritechnica-2025-parodoje\/#primaryimage","url":"https:\/\/www.agroteka.lt\/wp-content\/uploads\/Puslapio-naujienos-baneris-1024-x-767-px-2-1.jpg","contentUrl":"https:\/\/www.agroteka.lt\/wp-content\/uploads\/Puslapio-naujienos-baneris-1024-x-767-px-2-1.jpg","width":1024,"height":767},{"@type":"BreadcrumbList","@id":"https:\/\/www.agroteka.lt\/kvieciame-aplankyti-musu-atstovaujamus-prekes-zenklus-agritechnica-2025-parodoje\/#breadcrumb","itemListElement":[{"@type":"ListItem","position":1,"name":"Home","item":"https:\/\/www.agroteka.lt\/"},{"@type":"ListItem","position":2,"name":"Kvie\u010diame aplankyti m\u016bs\u0173 atstovaujamus prek\u0117s \u017eenklus AGRITECHNICA 2025 parodoje"}]},{"@type":"WebSite","@id":"https:\/\/www.agroteka.lt\/#website","url":"https:\/\/www.agroteka.lt\/","name":"Agrotech","description":"Maszyny rolnicze, us\u0142ugi rolnicze, cz\u0119\u015bci zamienne.","publisher":{"@id":"https:\/\/www.agroteka.lt\/#organization"},"potentialAction":[{"@type":"SearchAction","target":{"@type":"EntryPoint","urlTemplate":"https:\/\/www.agroteka.lt\/?s={search_term_string}"},"query-input":"required name=search_term_string"}],"inLanguage":"pl-PL"},{"@type":"Organization","@id":"https:\/\/www.agroteka.lt\/#organization","name":"Agrotech","url":"https:\/\/www.agroteka.lt\/","logo":{"@type":"ImageObject","inLanguage":"pl-PL","@id":"https:\/\/www.agroteka.lt\/#\/schema\/logo\/image\/","url":"https:\/\/www.agroteka.lt\/wp-content\/uploads\/Agroteka_logo_bg.jpg","contentUrl":"https:\/\/www.agroteka.lt\/wp-content\/uploads\/Agroteka_logo_bg.jpg","width":1000,"height":422,"caption":"Agroteka"},"image":{"@id":"https:\/\/www.agroteka.lt\/#\/schema\/logo\/image\/"},"sameAs":["https:\/\/www.facebook.com\/uabagroteka","https:\/\/www.youtube.com\/user\/UABAgroteka"]},{"@type":"Person","@id":"https:\/\/www.agroteka.lt\/#\/schema\/person\/c7c2383a04d618a29574466f6ca6c7c1","name":"Ineta","image":{"@type":"ImageObject","inLanguage":"pl-PL","@id":"https:\/\/www.agroteka.lt\/#\/schema\/person\/image\/","url":"https:\/\/secure.gravatar.com\/avatar\/859f88ac55f964193f30157c95b71f87?s=96&d=mm&r=g","contentUrl":"https:\/\/secure.gravatar.com\/avatar\/859f88ac55f964193f30157c95b71f87?s=96&d=mm&r=g","caption":"Ineta"},"url":"https:\/\/www.agroteka.lt\/pl\/author\/ineta-mrkt1\/"}]}},"_links":{"self":[{"href":"https:\/\/www.agroteka.lt\/pl\/wp-json\/wp\/v2\/posts\/16902"}],"collection":[{"href":"https:\/\/www.agroteka.lt\/pl\/wp-json\/wp\/v2\/posts"}],"about":[{"href":"https:\/\/www.agroteka.lt\/pl\/wp-json\/wp\/v2\/types\/post"}],"author":[{"embeddable":true,"href":"https:\/\/www.agroteka.lt\/pl\/wp-json\/wp\/v2\/users\/5"}],"replies":[{"embeddable":true,"href":"https:\/\/www.agroteka.lt\/pl\/wp-json\/wp\/v2\/comments?post=16902"}],"version-history":[{"count":14,"href":"https:\/\/www.agroteka.lt\/pl\/wp-json\/wp\/v2\/posts\/16902\/revisions"}],"predecessor-version":[{"id":17219,"href":"https:\/\/www.agroteka.lt\/pl\/wp-json\/wp\/v2\/posts\/16902\/revisions\/17219"}],"wp:featuredmedia":[{"embeddable":true,"href":"https:\/\/www.agroteka.lt\/pl\/wp-json\/wp\/v2\/media\/16931"}],"wp:attachment":[{"href":"https:\/\/www.agroteka.lt\/pl\/wp-json\/wp\/v2\/media?parent=16902"}],"wp:term":[{"taxonomy":"category","embeddable":true,"href":"https:\/\/www.agroteka.lt\/pl\/wp-json\/wp\/v2\/categories?post=16902"},{"taxonomy":"post_tag","embeddable":true,"href":"https:\/\/www.agroteka.lt\/pl\/wp-json\/wp\/v2\/tags?post=16902"}],"curies":[{"name":"wp","href":"https:\/\/api.w.org\/{rel}","templated":true}]}}