{"id":16902,"date":"2025-10-20T16:40:50","date_gmt":"2025-10-20T13:40:50","guid":{"rendered":"https:\/\/www.agroteka.lt\/?p=16902"},"modified":"2025-11-07T17:34:50","modified_gmt":"2025-11-07T14:34:50","slug":"nous-vous-invitons-a-visiter-nos-marques-representatives-a-agritechnica-2025","status":"publish","type":"post","link":"https:\/\/www.agroteka.lt\/fr\/kvieciame-aplankyti-musu-atstovaujamus-prekes-zenklus-agritechnica-2025-parodoje\/","title":{"rendered":"Nous vous invitons \u00e0 visiter les marques que nous repr\u00e9sentons \u00e0 AGRITECHNICA 2025"},"content":{"rendered":"<section class=\"l-section wpb_row height_medium\"><div class=\"l-section-h i-cf\"><div class=\"g-cols vc_row via_grid cols_1 laptops-cols_inherit tablets-cols_inherit mobiles-cols_1 valign_top type_default stacking_default\"><div class=\"wpb_column vc_column_container\"><div class=\"vc_column-inner\"><div class=\"wpb_text_column\"><div class=\"wpb_wrapper\"><p>AGRITECHNICA 2025, le plus grand salon mondial du machinisme agricole, se tiendra du 9 au 15 novembre \u00e0 Hanovre, en Allemagne.<\/p>\n<\/div><\/div><div class=\"w-separator size_small\"><\/div><div class=\"w-image align_center\"><div class=\"w-image-h\"><img width=\"1024\" height=\"243\" src=\"https:\/\/www.agroteka.lt\/wp-content\/uploads\/Puslapio-naujienos-vidinis-baneris1200-x-285-px-1-1024x243.jpg\" class=\"attachment-large size-large\" alt=\"\" decoding=\"async\" srcset=\"https:\/\/www.agroteka.lt\/wp-content\/uploads\/Puslapio-naujienos-vidinis-baneris1200-x-285-px-1-1024x243.jpg 1024w, https:\/\/www.agroteka.lt\/wp-content\/uploads\/Puslapio-naujienos-vidinis-baneris1200-x-285-px-1-300x71.jpg 300w, https:\/\/www.agroteka.lt\/wp-content\/uploads\/Puslapio-naujienos-vidinis-baneris1200-x-285-px-1-18x4.jpg 18w, https:\/\/www.agroteka.lt\/wp-content\/uploads\/Puslapio-naujienos-vidinis-baneris1200-x-285-px-1-700x166.jpg 700w, https:\/\/www.agroteka.lt\/wp-content\/uploads\/Puslapio-naujienos-vidinis-baneris1200-x-285-px-1-500x119.jpg 500w, https:\/\/www.agroteka.lt\/wp-content\/uploads\/Puslapio-naujienos-vidinis-baneris1200-x-285-px-1.jpg 1200w\" sizes=\"(max-width: 1024px) 100vw, 1024px\" \/><\/div><\/div><div class=\"w-separator size_small\"><\/div><div class=\"wpb_text_column\"><div class=\"wpb_wrapper\"><h4>Nous vous invitons \u00e0 visiter les marques que nous repr\u00e9sentons :<\/h4>\n<\/div><\/div><div class=\"w-separator size_small\"><\/div><div class=\"wpb_text_column\"><div class=\"wpb_wrapper\"><ul>\n<li><strong>Agrio<\/strong>\u00a0vous pouvez trouver le fabricant de pulv\u00e9risateurs tra\u00een\u00e9s et automoteurs <strong>Hall 9, si\u00e8ge G13<\/strong>.<\/li>\n<li><strong>Strautmann<\/strong> une entreprise proposant une gamme de machines pour le b\u00e9tail, sera situ\u00e9e \u00e0 <strong>Hall 27, si\u00e8ge D32<\/strong>.<\/li>\n<li><strong><strong>M\u00fc<\/strong><\/strong><strong>chose<\/strong> Paillis allemand haut de gamme <strong>Hall 11, si\u00e8ge B35<\/strong>.<\/li>\n<li><strong>Gowell<\/strong> l'entreprise de pr\u00e9paration d'aliments pour animaux et de machines d'alimentation pr\u00e9sentera ses machines <strong>Hall 27, si\u00e8ge E39<\/strong>.<\/li>\n<li>Notre nouvelle <strong>Pedrotti<\/strong> pour les s\u00e9choirs \u00e0 grains <strong>Dans le hall 6, si\u00e8ge H51<\/strong>.<\/li>\n<li><strong>Bomech<\/strong> \u00e9quipement d'injection de boues <strong>Dans le hall 22, si\u00e8ge B06<\/strong>.<\/li>\n<li><strong>Solo<\/strong> le mat\u00e9riel de semis sera install\u00e9 <strong>Hall 11, si\u00e8ge C31<\/strong>.<\/li>\n<li>Fabricant espagnol de produits arables <strong>Mouton<\/strong>\u00a0Exposition -\u00a0<strong>Dans le hall 11, si\u00e8ge A20<\/strong>.<\/li>\n<li><strong>PTG<\/strong>, un distributeur de syst\u00e8mes de r\u00e9gulation de la pression des pneumatiques, s'installera dans un nouveau b\u00e2timent de l'entreprise. <strong>Salle 20, emplacement B09<\/strong>.<\/li>\n<li>Entreprises tch\u00e8ques\u00a0<strong>Machines JK<\/strong>\u00a0vous pourrez voir l'\u00e9quipement\u00a0<strong>Dans le hall 6, si\u00e8ge G31<\/strong>.<\/li>\n<li><strong>Romil<\/strong>\u00a0le stand de la soci\u00e9t\u00e9 de technologie de production d'aliments pour animaux\u00a0<strong>Dans le hall 7, emplacement A02<\/strong>.<\/li>\n<li><strong>AvMap<\/strong> mat\u00e9riel agricole de pr\u00e9cision <strong>Salle 21, si\u00e8ge A33<\/strong>.<\/li>\n<\/ul>\n<\/div><\/div><div class=\"w-separator size_medium\"><\/div><div class=\"wpb_text_column\"><div class=\"wpb_wrapper\"><h4>Le principal point fort de l'exposition AGRIO est le pulv\u00e9risateur automoteur DINO 3.<\/h4>\n<\/div><\/div><div class=\"w-separator size_small\"><\/div><div class=\"g-cols wpb_row via_grid cols_2 laptops-cols_inherit tablets-cols_inherit mobiles-cols_1 valign_middle type_default stacking_default\"><div class=\"wpb_column vc_column_container\"><div class=\"vc_column-inner\"><div class=\"wpb_text_column\"><div class=\"wpb_wrapper\"><p>Ce pulv\u00e9risateur est particuli\u00e8rement adapt\u00e9 aux zones vallonn\u00e9es. Gr\u00e2ce \u00e0 sa suspension d'essieu unique et \u00e0 sa conception d'entra\u00eenement hydraulique, <strong>DINOSAURE<\/strong> peut non seulement gravir de hautes collines, mais aussi rouler dans des zones humides qui seraient des pi\u00e8ges pour d'autres voitures. Ce pulv\u00e9risateur automoteur peut \u00eatre <strong>6000 ou 7000<\/strong> litres avec <strong>18-36 m\u00e8tres<\/strong> les poutres de largeur de travail.<\/p>\n<p>Vous pourrez \u00e9galement voir le plus grand pulv\u00e9risateur tra\u00een\u00e9 du march\u00e9 <strong>G\u00c9ANT<\/strong>. En vedette <strong>Capacit\u00e9 de 10000 \u00e0 14000 litres<\/strong> et le ch\u00e2ssis tandem, le pulv\u00e9risateur prouve facilement son avantage en utilisant la largeur de travail maximale de la rampe sur de tr\u00e8s longues surfaces.<\/p>\n<\/div><\/div><\/div><\/div><div class=\"wpb_column vc_column_container\"><div class=\"vc_column-inner\"><div class=\"w-image align_center\"><div class=\"w-image-h\"><img width=\"640\" height=\"400\" src=\"https:\/\/www.agroteka.lt\/wp-content\/uploads\/savaeigiai-purktuvai-dino3-640x400.jpg\" class=\"attachment-us_700_400 size-us_700_400\" alt=\"Pulv\u00e9risateurs automoteurs Dino\" decoding=\"async\" srcset=\"https:\/\/www.agroteka.lt\/wp-content\/uploads\/savaeigiai-purktuvai-dino3-640x400.jpg 640w, https:\/\/www.agroteka.lt\/wp-content\/uploads\/savaeigiai-purktuvai-dino3-300x188.jpg 300w, https:\/\/www.agroteka.lt\/wp-content\/uploads\/savaeigiai-purktuvai-dino3-1024x640.jpg 1024w, https:\/\/www.agroteka.lt\/wp-content\/uploads\/savaeigiai-purktuvai-dino3.jpg 2000w\" sizes=\"(max-width: 640px) 100vw, 640px\" \/><\/div><\/div><\/div><\/div><\/div><div class=\"w-separator size_medium\"><\/div><div class=\"wpb_text_column\"><div class=\"wpb_wrapper\"><h4>Les nouveaux \u00e9pandeurs de fumier STRAUTMANN MS : polyvalence, efficacit\u00e9 et fiabilit\u00e9<\/h4>\n<\/div><\/div><div class=\"w-separator size_small\"><\/div><div class=\"wpb_text_column\"><div class=\"wpb_wrapper\"><p>Avec la nouvelle s\u00e9rie d'agitateurs MS, STRAUTMANN pr\u00e9sente deux mod\u00e8les performants. <strong>MS 105 et MS 120.<\/strong> Sp\u00e9cialement con\u00e7us pour l'\u00e9pandage de fumier et d'autres engrais organiques, ces deux \u00e9pandeurs continuent de se distinguer par leur polyvalence, leur efficacit\u00e9 et leur durabilit\u00e9.<\/p>\n<p>De nouveaux mod\u00e8les d'une capacit\u00e9 allant jusqu'\u00e0 <strong>10,5 m\u00b3<\/strong> (MS 105) et <strong>12 m\u00b3<\/strong> (MS 120) remplacera les secoueurs actuels MS 801-MS 1401 \u00e0 partir de 2026.<\/p>\n<\/div><\/div><div class=\"w-separator size_small\"><\/div><div class=\"g-cols wpb_row via_grid cols_2 laptops-cols_inherit tablets-cols_inherit mobiles-cols_1 valign_middle type_default stacking_default\"><div class=\"wpb_column vc_column_container\"><div class=\"vc_column-inner\"><div class=\"wpb_text_column\"><div class=\"wpb_wrapper\"><p><strong>Les principaux avantages des nouveaux secoueurs MS :<\/strong><\/p>\n<ul>\n<li>Large choix d'outils pour diff\u00e9rents mod\u00e8les<\/li>\n<li>Construction robuste et composants durables pour une utilisation intensive<\/li>\n<li>Haute pr\u00e9cision de secouage pour une distribution uniforme de l'engrais<\/li>\n<\/ul>\n<\/div><\/div><div class=\"w-separator size_small\"><\/div><div class=\"wpb_text_column\"><div class=\"wpb_wrapper\"><p>Avec la nouvelle s\u00e9rie MS, STRAUTMANN associe une technologie \u00e9prouv\u00e9e \u00e0 une flexibilit\u00e9 encore plus grande, des composants robustes, des d\u00e9tails bien pens\u00e9s et des solutions pratiques qui font des nouveaux secoueurs MS une machine fiable pour les agriculteurs et les prestataires de services.<\/p>\n<\/div><\/div><\/div><\/div><div class=\"wpb_column vc_column_container\"><div class=\"vc_column-inner\"><div class=\"w-image align_none\"><div class=\"w-image-h\"><img width=\"640\" height=\"400\" src=\"https:\/\/www.agroteka.lt\/wp-content\/uploads\/STRAUTMANN-MS-kratytuvas-naujas-2-1-640x400.jpg\" class=\"attachment-us_700_400 size-us_700_400\" alt=\"2 options pour le mat\u00e9riel d&#039;\u00e9pandage\" decoding=\"async\" srcset=\"https:\/\/www.agroteka.lt\/wp-content\/uploads\/STRAUTMANN-MS-kratytuvas-naujas-2-1-640x400.jpg 640w, https:\/\/www.agroteka.lt\/wp-content\/uploads\/STRAUTMANN-MS-kratytuvas-naujas-2-1-300x188.jpg 300w, https:\/\/www.agroteka.lt\/wp-content\/uploads\/STRAUTMANN-MS-kratytuvas-naujas-2-1-1024x640.jpg 1024w, https:\/\/www.agroteka.lt\/wp-content\/uploads\/STRAUTMANN-MS-kratytuvas-naujas-2-1-18x12.jpg 18w, https:\/\/www.agroteka.lt\/wp-content\/uploads\/STRAUTMANN-MS-kratytuvas-naujas-2-1-500x313.jpg 500w, https:\/\/www.agroteka.lt\/wp-content\/uploads\/STRAUTMANN-MS-kratytuvas-naujas-2-1.jpg 2000w\" sizes=\"(max-width: 640px) 100vw, 640px\" \/><\/div><\/div><\/div><\/div><\/div><div class=\"w-separator size_medium\"><\/div><div class=\"wpb_text_column\"><div class=\"wpb_wrapper\"><h4><span lang=\"en-US\">OVLAC <\/span><span lang=\"lt\">lancera le nouveau cultivateur \u00e0 faible profondeur ATLander lors du salon de cette ann\u00e9e.<\/span><\/h4>\n<\/div><\/div><div class=\"w-separator size_small\"><\/div><div class=\"wpb_text_column\"><div class=\"wpb_wrapper\"><p>Con\u00e7u pour le travail <strong>jusqu&#039;\u00e0 15 cm de profondeur<\/strong>L'ATLander est polyvalent - du d\u00e9chaumage au d\u00e9sherbage m\u00e9canique ou \u00e0 la pr\u00e9paration du lit de semences. Ses dents ultraplates, \u00e9galement disponibles avec des pointes en carbure de tungst\u00e8ne, assurent une coupe r\u00e9guli\u00e8re sur toute la largeur de travail et laissent une surface parfaitement plane.<\/p>\n<p>Disponible \u00e0 l'adresse suivante <span style=\"font-weight: bold;\">6 <\/span>et<span style=\"font-weight: bold;\"> 7,5 m<\/span> mod\u00e8les de largeur de travail. <span style=\"font-weight: bold;\">ATLander<\/span> allie efficacit\u00e9, faible consommation de carburant et durabilit\u00e9, ce qui en fait un outil indispensable \u00e0 l'agriculture moderne.<\/p>\n<\/div><\/div><div class=\"w-separator size_small\"><\/div><div class=\"g-cols wpb_row via_grid cols_2 laptops-cols_inherit tablets-cols_inherit mobiles-cols_1 valign_middle type_default stacking_default\"><div class=\"wpb_column vc_column_container\"><div class=\"vc_column-inner\"><div class=\"w-image align_center\"><div class=\"w-image-h\"><img width=\"640\" height=\"400\" src=\"https:\/\/www.agroteka.lt\/wp-content\/uploads\/OVLAC-ATLander-1-640x400.jpg\" class=\"attachment-us_700_400 size-us_700_400\" alt=\"\" decoding=\"async\" srcset=\"https:\/\/www.agroteka.lt\/wp-content\/uploads\/OVLAC-ATLander-1-640x400.jpg 640w, https:\/\/www.agroteka.lt\/wp-content\/uploads\/OVLAC-ATLander-1-300x188.jpg 300w, https:\/\/www.agroteka.lt\/wp-content\/uploads\/OVLAC-ATLander-1-1024x640.jpg 1024w, https:\/\/www.agroteka.lt\/wp-content\/uploads\/OVLAC-ATLander-1-18x12.jpg 18w, https:\/\/www.agroteka.lt\/wp-content\/uploads\/OVLAC-ATLander-1-500x313.jpg 500w, https:\/\/www.agroteka.lt\/wp-content\/uploads\/OVLAC-ATLander-1.jpg 2000w\" sizes=\"(max-width: 640px) 100vw, 640px\" \/><\/div><\/div><\/div><\/div><div class=\"wpb_column vc_column_container\"><div class=\"vc_column-inner\"><div class=\"w-image align_none\"><div class=\"w-image-h\"><img width=\"640\" height=\"400\" src=\"https:\/\/www.agroteka.lt\/wp-content\/uploads\/OVLAC-ATLander-2-640x400.jpg\" class=\"attachment-us_700_400 size-us_700_400\" alt=\"\" decoding=\"async\" srcset=\"https:\/\/www.agroteka.lt\/wp-content\/uploads\/OVLAC-ATLander-2-640x400.jpg 640w, https:\/\/www.agroteka.lt\/wp-content\/uploads\/OVLAC-ATLander-2-300x188.jpg 300w, https:\/\/www.agroteka.lt\/wp-content\/uploads\/OVLAC-ATLander-2-1024x640.jpg 1024w, https:\/\/www.agroteka.lt\/wp-content\/uploads\/OVLAC-ATLander-2-18x12.jpg 18w, https:\/\/www.agroteka.lt\/wp-content\/uploads\/OVLAC-ATLander-2-500x313.jpg 500w, https:\/\/www.agroteka.lt\/wp-content\/uploads\/OVLAC-ATLander-2.jpg 2000w\" sizes=\"(max-width: 640px) 100vw, 640px\" \/><\/div><\/div><\/div><\/div><\/div><div class=\"w-separator size_small\"><\/div><div class=\"wpb_text_column\"><div class=\"wpb_wrapper\"><p>Expositions <strong>Mouton<\/strong> pr\u00e9sentera \u00e9galement ses outils les plus c\u00e9l\u00e8bres :<\/p>\n<ul>\n<li><strong>XPerience<\/strong> - des charrues pour le travail dans le sillon et en surface ;<\/li>\n<li><strong>Mini<\/strong> - les charrues pour le labourage superficiel ;<\/li>\n<li><strong>Versatill<\/strong> - cultivateurs polyvalents et robustes pour la culture verticale ;<\/li>\n<li><strong>Maxidisc II<\/strong> - D\u00e9chaumeurs \u00e0 disques courts haute performance ;<\/li>\n<li><strong>Minivid Pro<\/strong> - une solution sp\u00e9cialis\u00e9e pour les vignobles.<\/li>\n<\/ul>\n<\/div><\/div><div class=\"w-separator size_medium\"><\/div><div class=\"wpb_text_column\"><div class=\"wpb_wrapper\"><h4>Le dernier n\u00e9 de la gamme de broyeurs haut de gamme M\u00fcthing - MU-PRO\/R Vario<\/h4>\n<\/div><\/div><div class=\"w-separator size_small\"><\/div><div class=\"wpb_text_column\"><div class=\"wpb_wrapper\"><p>M\u00fcthing pose de nouveaux jalons sur le march\u00e9 international avec sa nouvelle s\u00e9rie de broyeurs. La nouvelle s\u00e9rie de broyeurs allemands haut de gamme MU-PRO\/R Vario sera pr\u00e9sent\u00e9e \u00e0 l'occasion d'AGRITECHNICA 2025 !<\/p>\n<\/div><\/div><div class=\"w-separator size_small\"><\/div><div class=\"g-cols wpb_row via_grid cols_2 laptops-cols_inherit tablets-cols_inherit mobiles-cols_1 valign_middle type_default stacking_default\"><div class=\"wpb_column vc_column_container\"><div class=\"vc_column-inner\"><div class=\"wpb_text_column\"><div class=\"wpb_wrapper\"><p>Cette s\u00e9rie combine la qualit\u00e9 de la gamme de broyeurs M\u00fcthing Vario avec des \u00e9quipements sur mesure pour r\u00e9pondre aux exigences des diff\u00e9rents march\u00e9s dans le monde.<\/p>\n<p>Largeur de travail des broyeurs de 2,80 \u00e0 3,20 m\u00e8tres. Egalement disponible avec un rouleau de support ou des roues de support.<\/p>\n<\/div><\/div><div class=\"w-separator size_small\"><\/div><div class=\"wpb_text_column\"><div class=\"wpb_wrapper\"><p><strong>Ces broyeurs seront \u00e9galement pr\u00e9sent\u00e9s :<\/strong><\/p>\n<ul>\n<li>MU-M\/S Vario Plus<\/li>\n<li>MU-PRO\/F 860 Vario<\/li>\n<li>et d'autres nouvelles de M\u00fcthing<\/li>\n<\/ul>\n<\/div><\/div><\/div><\/div><div class=\"wpb_column vc_column_container\"><div class=\"vc_column-inner\"><div class=\"w-image align_none\"><div class=\"w-image-h\"><img width=\"640\" height=\"400\" src=\"https:\/\/www.agroteka.lt\/wp-content\/uploads\/MUTHING-MU-PROR-Vario-1-640x400.jpg\" class=\"attachment-us_700_400 size-us_700_400\" alt=\"\" decoding=\"async\" srcset=\"https:\/\/www.agroteka.lt\/wp-content\/uploads\/MUTHING-MU-PROR-Vario-1-640x400.jpg 640w, https:\/\/www.agroteka.lt\/wp-content\/uploads\/MUTHING-MU-PROR-Vario-1-300x188.jpg 300w, https:\/\/www.agroteka.lt\/wp-content\/uploads\/MUTHING-MU-PROR-Vario-1-1024x640.jpg 1024w, https:\/\/www.agroteka.lt\/wp-content\/uploads\/MUTHING-MU-PROR-Vario-1-18x12.jpg 18w, https:\/\/www.agroteka.lt\/wp-content\/uploads\/MUTHING-MU-PROR-Vario-1-500x313.jpg 500w, https:\/\/www.agroteka.lt\/wp-content\/uploads\/MUTHING-MU-PROR-Vario-1.jpg 2000w\" sizes=\"(max-width: 640px) 100vw, 640px\" \/><\/div><\/div><\/div><\/div><\/div><div class=\"w-separator size_medium\"><\/div><div class=\"wpb_text_column\"><div class=\"wpb_wrapper\"><h4>FARMNAVIGATOR Pilota - un syst\u00e8me de conduite automatique facile \u00e0 installer, complet et fiable<\/h4>\n<\/div><\/div><div class=\"w-separator size_small\"><\/div><div class=\"g-cols wpb_row via_grid cols_2 laptops-cols_inherit tablets-cols_inherit mobiles-cols_1 valign_middle type_default stacking_default\"><div class=\"wpb_column vc_column_container\"><div class=\"vc_column-inner\"><div class=\"wpb_text_column\"><div class=\"wpb_wrapper\"><p>AvMap pr\u00e9sentera le syst\u00e8me de conduite automatis\u00e9e Farmnavigator Pilota, une solution compacte et l\u00e9g\u00e8re con\u00e7ue pour optimiser les co\u00fbts et simplifier l'installation. L'ensemble de la plate-forme inertielle est int\u00e9gr\u00e9 dans une puissante antenne RTK All in One, \u00e9liminant ainsi le besoin d'une unit\u00e9 de contr\u00f4le externe.<\/p>\n<p data-start=\"646\" data-end=\"848\">Le FARMNAVIGATOR Pilota se caract\u00e9rise par un processus d'\u00e9talonnage simple et efficace - il suffit d'entrer les dimensions du tracteur et de suivre quelques \u00e9tapes clairement d\u00e9finies selon les instructions affich\u00e9es \u00e0 l'\u00e9cran.<\/p>\n<p data-start=\"850\" data-end=\"1122\">Le syst\u00e8me s'int\u00e8gre aux \u00e9crans multifonctions G7 et G12, qui offrent un mat\u00e9riel de haute qualit\u00e9, des fonctions ISOBUS avanc\u00e9es et une connectivit\u00e9 \u00e0 la plateforme cloud MyFarmnavigator.com, permettant \u00e0 votre exploitation de s'engager dans une transformation num\u00e9rique.<\/p>\n<\/div><\/div><\/div><\/div><div class=\"wpb_column vc_column_container\"><div class=\"vc_column-inner\"><div class=\"w-image align_none\"><div class=\"w-image-h\"><img width=\"640\" height=\"400\" src=\"https:\/\/www.agroteka.lt\/wp-content\/uploads\/Farmnavigator-pilota-1-640x400.jpg\" class=\"attachment-us_700_400 size-us_700_400\" alt=\"\" decoding=\"async\" srcset=\"https:\/\/www.agroteka.lt\/wp-content\/uploads\/Farmnavigator-pilota-1-640x400.jpg 640w, https:\/\/www.agroteka.lt\/wp-content\/uploads\/Farmnavigator-pilota-1-300x188.jpg 300w, https:\/\/www.agroteka.lt\/wp-content\/uploads\/Farmnavigator-pilota-1-1024x640.jpg 1024w, https:\/\/www.agroteka.lt\/wp-content\/uploads\/Farmnavigator-pilota-1-18x12.jpg 18w, https:\/\/www.agroteka.lt\/wp-content\/uploads\/Farmnavigator-pilota-1-500x313.jpg 500w, https:\/\/www.agroteka.lt\/wp-content\/uploads\/Farmnavigator-pilota-1.jpg 1920w\" sizes=\"(max-width: 640px) 100vw, 640px\" \/><\/div><\/div><\/div><\/div><\/div><div class=\"w-separator size_medium\"><\/div><div class=\"wpb_text_column\"><div class=\"wpb_wrapper\"><p>Voici quelques-uns des points forts d'AGRITECHNICA 2025 que nous connaissons. Pour en savoir plus, suivez-nous ou assistez au salon qui se tiendra \u00e0 Hanovre, en Allemagne, du 9 au 15 novembre. Ne manquez pas l'occasion de d\u00e9couvrir les derni\u00e8res innovations et solutions dans le domaine de l'agriculture !<\/p>\n<\/div><\/div><\/div><\/div><\/div><\/div><\/section><div class=\"wpb_column vc_column_container\"><div class=\"vc_column-inner\"><\/div><\/div><div class=\"wpb_column vc_column_container\"><div class=\"vc_column-inner\"><\/div><\/div>","protected":false},"excerpt":{"rendered":"Pasaulyje pirmaujanti \u017eem\u0117s \u016bkio technikos paroda AGRITECHNICA 2025 jau lapkr\u010dio 9\u201315 dienomis \u012fvyks Hanoveryje, Vokietijoje. Kvie\u010diame aplankyti m\u016bs\u0173 atstovaujamus prek\u0117s \u017eenklus: Agrio\u00a0prikabinam\u0173 ir savaeigi\u0173 purk\u0161tuv\u0173 gamintoj\u0105 gal\u0117site rasti 9 sal\u0117je G13 vietoje. Strautmann \u012fmon\u0117, pasi\u017eyminti gyvulininkyst\u0117s technikos asortimentu, bus \u012fsik\u016brusi 27 sal\u0117je D32 vietoje. M\u00fcthing auk\u0161tos klas\u0117s voki\u0161kus mul\u010derius rasite 11 sal\u0117je B35 vietoje. Goweil...","protected":false},"author":5,"featured_media":16931,"comment_status":"closed","ping_status":"closed","sticky":false,"template":"","format":"standard","meta":{"inline_featured_image":false,"footnotes":"","iawp_total_views":56},"categories":[1],"tags":[],"acf":[],"yoast_head":"<!-- This site is optimized with the Yoast SEO plugin v22.4 - https:\/\/yoast.com\/wordpress\/plugins\/seo\/ -->\n<title>Kvie\u010diame aplankyti m\u016bs\u0173 atstovaujamus prek\u0117s \u017eenklus AGRITECHNICA 2025 parodoje | Agroteka<\/title>\n<meta name=\"robots\" content=\"index, follow, max-snippet:-1, max-image-preview:large, max-video-preview:-1\" \/>\n<link rel=\"canonical\" href=\"https:\/\/www.agroteka.lt\/fr\/nous-vous-invitons-a-visiter-nos-marques-representatives-a-agritechnica-2025\/\" \/>\n<meta property=\"og:locale\" content=\"fr_FR\" \/>\n<meta property=\"og:type\" content=\"article\" \/>\n<meta property=\"og:title\" content=\"Kvie\u010diame aplankyti m\u016bs\u0173 atstovaujamus prek\u0117s \u017eenklus AGRITECHNICA 2025 parodoje | Agroteka\" \/>\n<meta property=\"og:url\" content=\"https:\/\/www.agroteka.lt\/fr\/nous-vous-invitons-a-visiter-nos-marques-representatives-a-agritechnica-2025\/\" \/>\n<meta property=\"og:site_name\" content=\"Agroteka\" \/>\n<meta property=\"article:publisher\" content=\"https:\/\/www.facebook.com\/uabagroteka\" \/>\n<meta property=\"article:published_time\" content=\"2025-10-20T13:40:50+00:00\" \/>\n<meta property=\"article:modified_time\" content=\"2025-11-07T14:34:50+00:00\" \/>\n<meta property=\"og:image\" content=\"https:\/\/www.agroteka.lt\/wp-content\/uploads\/Puslapio-naujienos-baneris-1024-x-767-px-2-1.jpg\" \/>\n\t<meta property=\"og:image:width\" content=\"1024\" \/>\n\t<meta property=\"og:image:height\" content=\"767\" \/>\n\t<meta property=\"og:image:type\" content=\"image\/jpeg\" \/>\n<meta name=\"author\" content=\"Ineta\" \/>\n<meta name=\"twitter:card\" content=\"summary_large_image\" \/>\n<meta name=\"twitter:label1\" content=\"\u00c9crit par\" \/>\n\t<meta name=\"twitter:data1\" content=\"Ineta\" \/>\n\t<meta name=\"twitter:label2\" content=\"Dur\u00e9e de lecture estim\u00e9e\" \/>\n\t<meta name=\"twitter:data2\" content=\"4 minutes\" \/>\n<script type=\"application\/ld+json\" class=\"yoast-schema-graph\">{\"@context\":\"https:\/\/schema.org\",\"@graph\":[{\"@type\":\"Article\",\"@id\":\"https:\/\/www.agroteka.lt\/kvieciame-aplankyti-musu-atstovaujamus-prekes-zenklus-agritechnica-2025-parodoje\/#article\",\"isPartOf\":{\"@id\":\"https:\/\/www.agroteka.lt\/kvieciame-aplankyti-musu-atstovaujamus-prekes-zenklus-agritechnica-2025-parodoje\/\"},\"author\":{\"name\":\"Ineta\",\"@id\":\"https:\/\/www.agroteka.lt\/#\/schema\/person\/c7c2383a04d618a29574466f6ca6c7c1\"},\"headline\":\"Kvie\u010diame aplankyti m\u016bs\u0173 atstovaujamus prek\u0117s \u017eenklus AGRITECHNICA 2025 parodoje\",\"datePublished\":\"2025-10-20T13:40:50+00:00\",\"dateModified\":\"2025-11-07T14:34:50+00:00\",\"mainEntityOfPage\":{\"@id\":\"https:\/\/www.agroteka.lt\/kvieciame-aplankyti-musu-atstovaujamus-prekes-zenklus-agritechnica-2025-parodoje\/\"},\"wordCount\":1198,\"publisher\":{\"@id\":\"https:\/\/www.agroteka.lt\/#organization\"},\"image\":{\"@id\":\"https:\/\/www.agroteka.lt\/kvieciame-aplankyti-musu-atstovaujamus-prekes-zenklus-agritechnica-2025-parodoje\/#primaryimage\"},\"thumbnailUrl\":\"https:\/\/www.agroteka.lt\/wp-content\/uploads\/Puslapio-naujienos-baneris-1024-x-767-px-2-1.jpg\",\"articleSection\":[\"Naujienos\"],\"inLanguage\":\"fr-FR\"},{\"@type\":\"WebPage\",\"@id\":\"https:\/\/www.agroteka.lt\/kvieciame-aplankyti-musu-atstovaujamus-prekes-zenklus-agritechnica-2025-parodoje\/\",\"url\":\"https:\/\/www.agroteka.lt\/kvieciame-aplankyti-musu-atstovaujamus-prekes-zenklus-agritechnica-2025-parodoje\/\",\"name\":\"Kvie\u010diame aplankyti m\u016bs\u0173 atstovaujamus prek\u0117s \u017eenklus AGRITECHNICA 2025 parodoje | Agroteka\",\"isPartOf\":{\"@id\":\"https:\/\/www.agroteka.lt\/#website\"},\"primaryImageOfPage\":{\"@id\":\"https:\/\/www.agroteka.lt\/kvieciame-aplankyti-musu-atstovaujamus-prekes-zenklus-agritechnica-2025-parodoje\/#primaryimage\"},\"image\":{\"@id\":\"https:\/\/www.agroteka.lt\/kvieciame-aplankyti-musu-atstovaujamus-prekes-zenklus-agritechnica-2025-parodoje\/#primaryimage\"},\"thumbnailUrl\":\"https:\/\/www.agroteka.lt\/wp-content\/uploads\/Puslapio-naujienos-baneris-1024-x-767-px-2-1.jpg\",\"datePublished\":\"2025-10-20T13:40:50+00:00\",\"dateModified\":\"2025-11-07T14:34:50+00:00\",\"breadcrumb\":{\"@id\":\"https:\/\/www.agroteka.lt\/kvieciame-aplankyti-musu-atstovaujamus-prekes-zenklus-agritechnica-2025-parodoje\/#breadcrumb\"},\"inLanguage\":\"fr-FR\",\"potentialAction\":[{\"@type\":\"ReadAction\",\"target\":[\"https:\/\/www.agroteka.lt\/kvieciame-aplankyti-musu-atstovaujamus-prekes-zenklus-agritechnica-2025-parodoje\/\"]}]},{\"@type\":\"ImageObject\",\"inLanguage\":\"fr-FR\",\"@id\":\"https:\/\/www.agroteka.lt\/kvieciame-aplankyti-musu-atstovaujamus-prekes-zenklus-agritechnica-2025-parodoje\/#primaryimage\",\"url\":\"https:\/\/www.agroteka.lt\/wp-content\/uploads\/Puslapio-naujienos-baneris-1024-x-767-px-2-1.jpg\",\"contentUrl\":\"https:\/\/www.agroteka.lt\/wp-content\/uploads\/Puslapio-naujienos-baneris-1024-x-767-px-2-1.jpg\",\"width\":1024,\"height\":767},{\"@type\":\"BreadcrumbList\",\"@id\":\"https:\/\/www.agroteka.lt\/kvieciame-aplankyti-musu-atstovaujamus-prekes-zenklus-agritechnica-2025-parodoje\/#breadcrumb\",\"itemListElement\":[{\"@type\":\"ListItem\",\"position\":1,\"name\":\"Home\",\"item\":\"https:\/\/www.agroteka.lt\/\"},{\"@type\":\"ListItem\",\"position\":2,\"name\":\"Kvie\u010diame aplankyti m\u016bs\u0173 atstovaujamus prek\u0117s \u017eenklus AGRITECHNICA 2025 parodoje\"}]},{\"@type\":\"WebSite\",\"@id\":\"https:\/\/www.agroteka.lt\/#website\",\"url\":\"https:\/\/www.agroteka.lt\/\",\"name\":\"Agroteka\",\"description\":\"\u017dem\u0117s \u016bkio technika, agro paslaugos, atsargin\u0117s dalys.\",\"publisher\":{\"@id\":\"https:\/\/www.agroteka.lt\/#organization\"},\"potentialAction\":[{\"@type\":\"SearchAction\",\"target\":{\"@type\":\"EntryPoint\",\"urlTemplate\":\"https:\/\/www.agroteka.lt\/?s={search_term_string}\"},\"query-input\":\"required name=search_term_string\"}],\"inLanguage\":\"fr-FR\"},{\"@type\":\"Organization\",\"@id\":\"https:\/\/www.agroteka.lt\/#organization\",\"name\":\"Agroteka\",\"url\":\"https:\/\/www.agroteka.lt\/\",\"logo\":{\"@type\":\"ImageObject\",\"inLanguage\":\"fr-FR\",\"@id\":\"https:\/\/www.agroteka.lt\/#\/schema\/logo\/image\/\",\"url\":\"https:\/\/www.agroteka.lt\/wp-content\/uploads\/Agroteka_logo_bg.jpg\",\"contentUrl\":\"https:\/\/www.agroteka.lt\/wp-content\/uploads\/Agroteka_logo_bg.jpg\",\"width\":1000,\"height\":422,\"caption\":\"Agroteka\"},\"image\":{\"@id\":\"https:\/\/www.agroteka.lt\/#\/schema\/logo\/image\/\"},\"sameAs\":[\"https:\/\/www.facebook.com\/uabagroteka\",\"https:\/\/www.youtube.com\/user\/UABAgroteka\"]},{\"@type\":\"Person\",\"@id\":\"https:\/\/www.agroteka.lt\/#\/schema\/person\/c7c2383a04d618a29574466f6ca6c7c1\",\"name\":\"Ineta\",\"image\":{\"@type\":\"ImageObject\",\"inLanguage\":\"fr-FR\",\"@id\":\"https:\/\/www.agroteka.lt\/#\/schema\/person\/image\/\",\"url\":\"https:\/\/secure.gravatar.com\/avatar\/859f88ac55f964193f30157c95b71f87?s=96&d=mm&r=g\",\"contentUrl\":\"https:\/\/secure.gravatar.com\/avatar\/859f88ac55f964193f30157c95b71f87?s=96&d=mm&r=g\",\"caption\":\"Ineta\"},\"url\":\"https:\/\/www.agroteka.lt\/fr\/author\/ineta-mrkt1\/\"}]}<\/script>\n<!-- \/ Yoast SEO plugin. -->","yoast_head_json":{"title":"Nous vous invitons \u00e0 visiter nos marques \u00e0 AGRITECHNICA 2025 | Agroteka","robots":{"index":"index","follow":"follow","max-snippet":"max-snippet:-1","max-image-preview":"max-image-preview:large","max-video-preview":"max-video-preview:-1"},"canonical":"https:\/\/www.agroteka.lt\/fr\/nous-vous-invitons-a-visiter-nos-marques-representatives-a-agritechnica-2025\/","og_locale":"fr_FR","og_type":"article","og_title":"Kvie\u010diame aplankyti m\u016bs\u0173 atstovaujamus prek\u0117s \u017eenklus AGRITECHNICA 2025 parodoje | Agroteka","og_url":"https:\/\/www.agroteka.lt\/fr\/nous-vous-invitons-a-visiter-nos-marques-representatives-a-agritechnica-2025\/","og_site_name":"Agroteka","article_publisher":"https:\/\/www.facebook.com\/uabagroteka","article_published_time":"2025-10-20T13:40:50+00:00","article_modified_time":"2025-11-07T14:34:50+00:00","og_image":[{"width":1024,"height":767,"url":"https:\/\/www.agroteka.lt\/wp-content\/uploads\/Puslapio-naujienos-baneris-1024-x-767-px-2-1.jpg","type":"image\/jpeg"}],"author":"Ineta","twitter_card":"summary_large_image","twitter_misc":{"\u00c9crit par":"Ineta","Dur\u00e9e de lecture estim\u00e9e":"4 minutes"},"schema":{"@context":"https:\/\/schema.org","@graph":[{"@type":"Article","@id":"https:\/\/www.agroteka.lt\/kvieciame-aplankyti-musu-atstovaujamus-prekes-zenklus-agritechnica-2025-parodoje\/#article","isPartOf":{"@id":"https:\/\/www.agroteka.lt\/kvieciame-aplankyti-musu-atstovaujamus-prekes-zenklus-agritechnica-2025-parodoje\/"},"author":{"name":"Ineta","@id":"https:\/\/www.agroteka.lt\/#\/schema\/person\/c7c2383a04d618a29574466f6ca6c7c1"},"headline":"Kvie\u010diame aplankyti m\u016bs\u0173 atstovaujamus prek\u0117s \u017eenklus AGRITECHNICA 2025 parodoje","datePublished":"2025-10-20T13:40:50+00:00","dateModified":"2025-11-07T14:34:50+00:00","mainEntityOfPage":{"@id":"https:\/\/www.agroteka.lt\/kvieciame-aplankyti-musu-atstovaujamus-prekes-zenklus-agritechnica-2025-parodoje\/"},"wordCount":1198,"publisher":{"@id":"https:\/\/www.agroteka.lt\/#organization"},"image":{"@id":"https:\/\/www.agroteka.lt\/kvieciame-aplankyti-musu-atstovaujamus-prekes-zenklus-agritechnica-2025-parodoje\/#primaryimage"},"thumbnailUrl":"https:\/\/www.agroteka.lt\/wp-content\/uploads\/Puslapio-naujienos-baneris-1024-x-767-px-2-1.jpg","articleSection":["Naujienos"],"inLanguage":"fr-FR"},{"@type":"WebPage","@id":"https:\/\/www.agroteka.lt\/kvieciame-aplankyti-musu-atstovaujamus-prekes-zenklus-agritechnica-2025-parodoje\/","url":"https:\/\/www.agroteka.lt\/kvieciame-aplankyti-musu-atstovaujamus-prekes-zenklus-agritechnica-2025-parodoje\/","name":"Nous vous invitons \u00e0 visiter nos marques \u00e0 AGRITECHNICA 2025 | Agroteka","isPartOf":{"@id":"https:\/\/www.agroteka.lt\/#website"},"primaryImageOfPage":{"@id":"https:\/\/www.agroteka.lt\/kvieciame-aplankyti-musu-atstovaujamus-prekes-zenklus-agritechnica-2025-parodoje\/#primaryimage"},"image":{"@id":"https:\/\/www.agroteka.lt\/kvieciame-aplankyti-musu-atstovaujamus-prekes-zenklus-agritechnica-2025-parodoje\/#primaryimage"},"thumbnailUrl":"https:\/\/www.agroteka.lt\/wp-content\/uploads\/Puslapio-naujienos-baneris-1024-x-767-px-2-1.jpg","datePublished":"2025-10-20T13:40:50+00:00","dateModified":"2025-11-07T14:34:50+00:00","breadcrumb":{"@id":"https:\/\/www.agroteka.lt\/kvieciame-aplankyti-musu-atstovaujamus-prekes-zenklus-agritechnica-2025-parodoje\/#breadcrumb"},"inLanguage":"fr-FR","potentialAction":[{"@type":"ReadAction","target":["https:\/\/www.agroteka.lt\/kvieciame-aplankyti-musu-atstovaujamus-prekes-zenklus-agritechnica-2025-parodoje\/"]}]},{"@type":"ImageObject","inLanguage":"fr-FR","@id":"https:\/\/www.agroteka.lt\/kvieciame-aplankyti-musu-atstovaujamus-prekes-zenklus-agritechnica-2025-parodoje\/#primaryimage","url":"https:\/\/www.agroteka.lt\/wp-content\/uploads\/Puslapio-naujienos-baneris-1024-x-767-px-2-1.jpg","contentUrl":"https:\/\/www.agroteka.lt\/wp-content\/uploads\/Puslapio-naujienos-baneris-1024-x-767-px-2-1.jpg","width":1024,"height":767},{"@type":"BreadcrumbList","@id":"https:\/\/www.agroteka.lt\/kvieciame-aplankyti-musu-atstovaujamus-prekes-zenklus-agritechnica-2025-parodoje\/#breadcrumb","itemListElement":[{"@type":"ListItem","position":1,"name":"Home","item":"https:\/\/www.agroteka.lt\/"},{"@type":"ListItem","position":2,"name":"Kvie\u010diame aplankyti m\u016bs\u0173 atstovaujamus prek\u0117s \u017eenklus AGRITECHNICA 2025 parodoje"}]},{"@type":"WebSite","@id":"https:\/\/www.agroteka.lt\/#website","url":"https:\/\/www.agroteka.lt\/","name":"Agrotech","description":"Machines agricoles, services agricoles, pi\u00e8ces d\u00e9tach\u00e9es.","publisher":{"@id":"https:\/\/www.agroteka.lt\/#organization"},"potentialAction":[{"@type":"SearchAction","target":{"@type":"EntryPoint","urlTemplate":"https:\/\/www.agroteka.lt\/?s={search_term_string}"},"query-input":"required name=search_term_string"}],"inLanguage":"fr-FR"},{"@type":"Organization","@id":"https:\/\/www.agroteka.lt\/#organization","name":"Agrotech","url":"https:\/\/www.agroteka.lt\/","logo":{"@type":"ImageObject","inLanguage":"fr-FR","@id":"https:\/\/www.agroteka.lt\/#\/schema\/logo\/image\/","url":"https:\/\/www.agroteka.lt\/wp-content\/uploads\/Agroteka_logo_bg.jpg","contentUrl":"https:\/\/www.agroteka.lt\/wp-content\/uploads\/Agroteka_logo_bg.jpg","width":1000,"height":422,"caption":"Agroteka"},"image":{"@id":"https:\/\/www.agroteka.lt\/#\/schema\/logo\/image\/"},"sameAs":["https:\/\/www.facebook.com\/uabagroteka","https:\/\/www.youtube.com\/user\/UABAgroteka"]},{"@type":"Person","@id":"https:\/\/www.agroteka.lt\/#\/schema\/person\/c7c2383a04d618a29574466f6ca6c7c1","name":"Ineta","image":{"@type":"ImageObject","inLanguage":"fr-FR","@id":"https:\/\/www.agroteka.lt\/#\/schema\/person\/image\/","url":"https:\/\/secure.gravatar.com\/avatar\/859f88ac55f964193f30157c95b71f87?s=96&d=mm&r=g","contentUrl":"https:\/\/secure.gravatar.com\/avatar\/859f88ac55f964193f30157c95b71f87?s=96&d=mm&r=g","caption":"Ineta"},"url":"https:\/\/www.agroteka.lt\/fr\/author\/ineta-mrkt1\/"}]}},"_links":{"self":[{"href":"https:\/\/www.agroteka.lt\/fr\/wp-json\/wp\/v2\/posts\/16902"}],"collection":[{"href":"https:\/\/www.agroteka.lt\/fr\/wp-json\/wp\/v2\/posts"}],"about":[{"href":"https:\/\/www.agroteka.lt\/fr\/wp-json\/wp\/v2\/types\/post"}],"author":[{"embeddable":true,"href":"https:\/\/www.agroteka.lt\/fr\/wp-json\/wp\/v2\/users\/5"}],"replies":[{"embeddable":true,"href":"https:\/\/www.agroteka.lt\/fr\/wp-json\/wp\/v2\/comments?post=16902"}],"version-history":[{"count":14,"href":"https:\/\/www.agroteka.lt\/fr\/wp-json\/wp\/v2\/posts\/16902\/revisions"}],"predecessor-version":[{"id":17219,"href":"https:\/\/www.agroteka.lt\/fr\/wp-json\/wp\/v2\/posts\/16902\/revisions\/17219"}],"wp:featuredmedia":[{"embeddable":true,"href":"https:\/\/www.agroteka.lt\/fr\/wp-json\/wp\/v2\/media\/16931"}],"wp:attachment":[{"href":"https:\/\/www.agroteka.lt\/fr\/wp-json\/wp\/v2\/media?parent=16902"}],"wp:term":[{"taxonomy":"category","embeddable":true,"href":"https:\/\/www.agroteka.lt\/fr\/wp-json\/wp\/v2\/categories?post=16902"},{"taxonomy":"post_tag","embeddable":true,"href":"https:\/\/www.agroteka.lt\/fr\/wp-json\/wp\/v2\/tags?post=16902"}],"curies":[{"name":"wp","href":"https:\/\/api.w.org\/{rel}","templated":true}]}}