{"id":7728,"date":"2024-02-29T15:11:22","date_gmt":"2024-02-29T12:11:22","guid":{"rendered":"https:\/\/www.agroteka.lt\/?p=7728"},"modified":"2025-01-06T10:41:16","modified_gmt":"2025-01-06T07:41:16","slug":"en-una-reunion-en-la-exposicion","status":"publish","type":"post","link":"https:\/\/www.agroteka.lt\/es\/susitikime-parodoje\/","title":{"rendered":"\u00a1Nos vemos en la exposici\u00f3n!"},"content":{"rendered":"<section class=\"l-section wpb_row height_medium\"><div class=\"l-section-h i-cf\"><div class=\"g-cols vc_row via_grid cols_1 laptops-cols_inherit tablets-cols_inherit mobiles-cols_1 valign_top type_default stacking_default\"><div class=\"wpb_column vc_column_container\"><div class=\"vc_column-inner\"><div class=\"w-image align_center\"><div class=\"w-image-h\"><img width=\"1024\" height=\"410\" src=\"https:\/\/www.agroteka.lt\/wp-content\/uploads\/1920x768-Bensdras-1024x410.jpg\" class=\"attachment-large size-large\" alt=\"\u00a1Nos vemos en la exposici\u00f3n!\" decoding=\"async\" srcset=\"https:\/\/www.agroteka.lt\/wp-content\/uploads\/1920x768-Bensdras-1024x410.jpg 1024w, https:\/\/www.agroteka.lt\/wp-content\/uploads\/1920x768-Bensdras-300x120.jpg 300w, https:\/\/www.agroteka.lt\/wp-content\/uploads\/1920x768-Bensdras-700x280.jpg 700w, https:\/\/www.agroteka.lt\/wp-content\/uploads\/1920x768-Bensdras-500x200.jpg 500w, https:\/\/www.agroteka.lt\/wp-content\/uploads\/1920x768-Bensdras.jpg 1920w\" sizes=\"(max-width: 1024px) 100vw, 1024px\" \/><\/div><\/div><div class=\"w-separator size_small\"><\/div><div class=\"wpb_text_column\"><div class=\"wpb_wrapper\"><p style=\"text-align: center;\">Cada a\u00f1o, la primavera trae consigo la mayor celebraci\u00f3n del sector agr\u00edcola en Lituania: \u00a1la exposici\u00f3n &quot;Qu\u00e9 sembrar en 2024&quot;! Nos complace anunciar que este a\u00f1o la exposici\u00f3n... <strong>Traeremos las innovaciones m\u00e1s avanzadas en nuestros productos y servicios. <\/strong>Tambi\u00e9n ofreceremos entretenimiento exclusivo durante la exposici\u00f3n. <strong>\u00a1Tanto para adultos como para peque\u00f1os agricultores!<\/strong><\/p>\n<p style=\"text-align: center;\">Nuestra empresa tiene como objetivo establecer <strong>Una amistad a largo plazo basada en la confianza y la estabilidad<\/strong> y <strong>para crear una historia com\u00fan<\/strong> Con agricultores y socios lituanos. Por ello, para destacar estos valores, queremos presentar el lema de esta exposici\u00f3n:\u00a0 <strong>\u00a1Creemos hoy la historia del ma\u00f1ana!<\/strong><\/p>\n<p style=\"text-align: center;\">Por eso tambi\u00e9n vosotros, queridos clientes y socios, <strong>\u00a1Te invitamos a conocernos durante la exposici\u00f3n y comenzar a crear una nueva historia!<\/strong><\/p>\n<\/div><\/div><div class=\"w-separator size_small with_line width_default thick_1 style_solid color_border align_center\"><div class=\"w-separator-h\"><\/div><\/div><div class=\"wpb_text_column\"><div class=\"wpb_wrapper\"><h5 style=\"text-align: center;\">\u00bfQu\u00e9 presentaremos en la exposici\u00f3n?<\/h5>\n<\/div><\/div><\/div><\/div><\/div><\/div><\/section><section class=\"l-section wpb_row height_auto\"><div class=\"l-section-h i-cf\"><div class=\"g-cols vc_row via_grid cols_3 laptops-cols_inherit tablets-cols_inherit mobiles-cols_1 valign_top type_default stacking_default\"><div class=\"wpb_column vc_column_container\"><div class=\"vc_column-inner\"><div class=\"wpb_text_column\"><div class=\"wpb_wrapper\"><h6 style=\"text-align: center;\">T\u00e9cnica<\/h6>\n<\/div><\/div><div class=\"w-separator size_small\"><\/div><div class=\"w-image align_center\"><div class=\"w-image-h\"><img width=\"600\" height=\"400\" src=\"https:\/\/www.agroteka.lt\/wp-content\/uploads\/diskines-sejamosios-1.jpg\" class=\"attachment-large size-large\" alt=\"Sembradoras\" decoding=\"async\" srcset=\"https:\/\/www.agroteka.lt\/wp-content\/uploads\/diskines-sejamosios-1.jpg 600w, https:\/\/www.agroteka.lt\/wp-content\/uploads\/diskines-sejamosios-1-300x200.jpg 300w\" sizes=\"(max-width: 600px) 100vw, 600px\" \/><\/div><\/div><div class=\"w-separator size_small\"><\/div><div class=\"wpb_text_column\"><div class=\"wpb_wrapper\"><p style=\"text-align: center;\">Innovaciones en equipos de siembra, labranza, pulverizaci\u00f3n, preparaci\u00f3n de alimentos, alimentaci\u00f3n y manejo de granos de los fabricantes que representamos.<\/p>\n<\/div><\/div><\/div><\/div><div class=\"wpb_column vc_column_container\"><div class=\"vc_column-inner\"><div class=\"wpb_text_column\"><div class=\"wpb_wrapper\"><h6 style=\"text-align: center;\">Servicios agr\u00edcolas<\/h6>\n<\/div><\/div><div class=\"w-separator size_small\"><\/div><div class=\"w-image align_center\"><div class=\"w-image-h\"><img width=\"600\" height=\"400\" src=\"https:\/\/www.agroteka.lt\/wp-content\/uploads\/agro-paslaugos-agroteka.jpg\" class=\"attachment-large size-large\" alt=\"Servicios agr\u00edcolas\" decoding=\"async\" srcset=\"https:\/\/www.agroteka.lt\/wp-content\/uploads\/agro-paslaugos-agroteka.jpg 600w, https:\/\/www.agroteka.lt\/wp-content\/uploads\/agro-paslaugos-agroteka-300x200.jpg 300w\" sizes=\"(max-width: 600px) 100vw, 600px\" \/><\/div><\/div><div class=\"w-separator size_small\"><\/div><div class=\"wpb_text_column\"><div class=\"wpb_wrapper\"><p style=\"text-align: center;\">Nuestros servicios agr\u00edcolas de labranza, siembra y preparaci\u00f3n de alimentos, as\u00ed como los nuevos equipos con los que planeamos realizarlos durante la temporada 2024.<\/p>\n<\/div><\/div><\/div><\/div><div class=\"wpb_column vc_column_container\"><div class=\"vc_column-inner\"><div class=\"wpb_text_column\"><div class=\"wpb_wrapper\"><h6 style=\"text-align: center;\">Repuestos y accesorios<\/h6>\n<\/div><\/div><div class=\"w-separator size_small\"><\/div><div class=\"w-image align_center\"><div class=\"w-image-h\"><img width=\"600\" height=\"400\" src=\"https:\/\/www.agroteka.lt\/wp-content\/uploads\/automatinio-vairavimo-sistemos.jpg\" class=\"attachment-large size-large\" alt=\"Sistemas de conducci\u00f3n automatizada\" decoding=\"async\" srcset=\"https:\/\/www.agroteka.lt\/wp-content\/uploads\/automatinio-vairavimo-sistemos.jpg 600w, https:\/\/www.agroteka.lt\/wp-content\/uploads\/automatinio-vairavimo-sistemos-300x200.jpg 300w\" sizes=\"(max-width: 600px) 100vw, 600px\" \/><\/div><\/div><div class=\"w-separator size_small\"><\/div><div class=\"wpb_text_column\"><div class=\"wpb_wrapper\"><p style=\"text-align: center;\">Una gama a\u00fan m\u00e1s amplia de repuestos y noticias sobre agricultura de precisi\u00f3n que ser\u00e1n relevantes para la mayor\u00eda de los agricultores lituanos.<\/p>\n<\/div><\/div><\/div><\/div><\/div><\/div><\/section><section class=\"l-section wpb_row height_small\"><div class=\"l-section-h i-cf\"><div class=\"g-cols vc_row via_grid cols_1 laptops-cols_inherit tablets-cols_inherit mobiles-cols_1 valign_top type_default stacking_default\"><div class=\"wpb_column vc_column_container\"><div class=\"vc_column-inner\"><div class=\"w-separator size_small with_line width_default thick_1 style_solid color_border align_center\"><div class=\"w-separator-h\"><\/div><\/div><div class=\"wpb_text_column\"><div class=\"wpb_wrapper\"><h5 style=\"text-align: center;\">\u00bfC\u00f3mo encontrarnos en la exposici\u00f3n?<\/h5>\n<\/div><\/div><div class=\"w-separator size_small\"><\/div><div class=\"wpb_text_column\"><div class=\"wpb_wrapper\"><p style=\"text-align: center;\">Nuestra exposici\u00f3n estar\u00e1 en el sector A, stand 6. (A6)<\/p>\n<\/div><\/div><div class=\"w-separator size_small\"><\/div><div class=\"w-image align_center\"><div class=\"w-image-h\"><img width=\"800\" height=\"800\" src=\"https:\/\/www.agroteka.lt\/wp-content\/uploads\/agroteka-vieta.gif\" class=\"attachment-large size-large\" alt=\"Agroteka - recinto ferial\" decoding=\"async\" \/><\/div><\/div><div class=\"w-separator size_small\"><\/div><div class=\"wpb_text_column\"><div class=\"wpb_wrapper\"><p style=\"text-align: center;\">Puede ver el programa completo de la exposici\u00f3n a continuaci\u00f3n o <a ref=\"magnificPopup\" href=\"https:\/\/www.agroteka.lt\/wp-content\/uploads\/Schema-KP24-agroteka.jpg\" target=\"_blank\" rel=\"noopener\">haciendo clic en este enlace.<\/a><\/p>\n<\/div><\/div><div class=\"w-separator size_small with_line width_default thick_1 style_solid color_border align_center\"><div class=\"w-separator-h\"><\/div><\/div><div class=\"w-image align_center\"><a href=\"https:\/\/www.agroteka.lt\/wp-content\/uploads\/Schema-KP24-agroteka.jpg\" ref=\"magnificPopup\" aria-label=\"Enlace\" class=\"w-image-h\"><img width=\"1024\" height=\"691\" src=\"https:\/\/www.agroteka.lt\/wp-content\/uploads\/Schema-KP24-agroteka-1024x691.jpg\" class=\"attachment-large size-large\" alt=\"Qu\u00e9 sembrar - esquema de exposici\u00f3n\" decoding=\"async\" srcset=\"https:\/\/www.agroteka.lt\/wp-content\/uploads\/Schema-KP24-agroteka-1024x691.jpg 1024w, https:\/\/www.agroteka.lt\/wp-content\/uploads\/Schema-KP24-agroteka-300x202.jpg 300w, https:\/\/www.agroteka.lt\/wp-content\/uploads\/Schema-KP24-agroteka-593x400.jpg 593w, https:\/\/www.agroteka.lt\/wp-content\/uploads\/Schema-KP24-agroteka-500x337.jpg 500w, https:\/\/www.agroteka.lt\/wp-content\/uploads\/Schema-KP24-agroteka.jpg 1920w\" sizes=\"(max-width: 1024px) 100vw, 1024px\" \/><\/a><\/div><div class=\"w-separator size_small\"><\/div><div class=\"wpb_text_column\"><div class=\"wpb_wrapper\"><h5 style=\"text-align: center;\">\u00bfTienes preguntas sobre la exposici\u00f3n o quieres concertar una reuni\u00f3n?<\/h5>\n<\/div><\/div><div class=\"w-separator size_small\"><\/div><div class=\"wpb_text_column\"><div class=\"wpb_wrapper\"><p style=\"text-align: center;\">Llene esta solicitud:<\/p>\n<\/div><\/div><div class=\"w-separator size_small\"><\/div>\n<div class=\"wpcf7 no-js\" id=\"wpcf7-f7792-o1\" lang=\"lt-LT\" dir=\"ltr\">\n<div class=\"screen-reader-response\"><p role=\"status\" aria-live=\"polite\" aria-atomic=\"true\"><\/p> <ul><\/ul><\/div>\n<form action=\"\/es\/wp-json\/wp\/v2\/posts\/7728#wpcf7-f7792-o1\" method=\"post\" class=\"wpcf7-form init\" aria-label=\"Kontakt\u0173 forma\" novalidate=\"novalidate\" data-status=\"init\" data-trp-original-action=\"\/es\/wp-json\/wp\/v2\/posts\/7728#wpcf7-f7792-o1\">\n<div style=\"display: none;\">\n<input type=\"hidden\" name=\"_wpcf7\" value=\"7792\" \/>\n<input type=\"hidden\" name=\"_wpcf7_version\" value=\"5.9.3\" \/>\n<input type=\"hidden\" name=\"_wpcf7_locale\" value=\"lt_LT\" \/>\n<input type=\"hidden\" name=\"_wpcf7_unit_tag\" value=\"wpcf7-f7792-o1\" \/>\n<input type=\"hidden\" name=\"_wpcf7_container_post\" value=\"0\" \/>\n<input type=\"hidden\" name=\"_wpcf7_posted_data_hash\" value=\"\" \/>\n<input type=\"hidden\" name=\"_wpcf7_recaptcha_response\" value=\"\" \/>\n<\/div>\n<p>\u00bfTiene alguna pregunta? Si le interesa una reuni\u00f3n, indique una hora aproximada*:<br \/>\n<span class=\"wpcf7-form-control-wrap\" data-name=\"turimas-klausimas\"><input size=\"40\" class=\"wpcf7-form-control wpcf7-text wpcf7-validates-as-required\" aria-required=\"true\" aria-invalid=\"false\" value=\"\" type=\"text\" name=\"turimas-klausimas\" \/><\/span>\n<\/p>\n<p>Su nombre*:<br \/>\n<span class=\"wpcf7-form-control-wrap\" data-name=\"your-name\"><input size=\"40\" class=\"wpcf7-form-control wpcf7-text wpcf7-validates-as-required\" aria-required=\"true\" aria-invalid=\"false\" value=\"\" type=\"text\" name=\"your-name\" \/><\/span>\n<\/p>\n<p>N\u00famero de tel\u00e9fono*:<br \/>\n<span class=\"wpcf7-form-control-wrap\" data-name=\"your-phone\"><input size=\"40\" class=\"wpcf7-form-control wpcf7-text wpcf7-validates-as-required\" aria-required=\"true\" aria-invalid=\"false\" value=\"\" type=\"text\" name=\"your-phone\" \/><\/span>\n<\/p>\n<p><span class=\"wpcf7-form-control-wrap\" data-name=\"acceptance-512\"><span class=\"wpcf7-form-control wpcf7-acceptance\"><span class=\"wpcf7-list-item\"><label><input type=\"checkbox\" name=\"acceptance-512\" value=\"1\" aria-invalid=\"false\" \/><span class=\"wpcf7-list-item-label\">Acepto que un representante de UAB Agroteka se ponga en contacto conmigo a trav\u00e9s de los contactos especificados para una consulta. Con\u00f3zcame. <a href=\"\/es\/politica-de-privacidad\/\" target=\"_blank\">pol\u00edtica de privacidad.<\/a><\/span><\/label><\/span><\/span><\/span>\n<\/p>\n<p><input class=\"wpcf7-form-control wpcf7-submit has-spinner\" type=\"submit\" value=\"Enviar consulta\" \/>\n<\/p><div class=\"wpcf7-response-output\" aria-hidden=\"true\"><\/div>\n<input type=\"hidden\" name=\"trp-form-language\" value=\"es\"\/><\/form>\n<\/div>\n<div class=\"w-separator size_small with_line width_default thick_1 style_solid color_border align_center\"><div class=\"w-separator-h\"><\/div><\/div><div class=\"wpb_text_column\"><div class=\"wpb_wrapper\"><h5 style=\"text-align: center;\">\u00a1Esperamos verte del 21 al 23 de marzo!<\/h5>\n<\/div><\/div><\/div><\/div><\/div><\/div><\/section>","protected":false},"excerpt":{"rendered":"Kasmet kartu su pavasariu atkeliauja did\u017eiausia agrosektoriaus \u0161vent\u0117 Lietuvoje &#8211; paroda \u201eK\u0105 pas\u0117si 2024\u201c! Su d\u017eiaugsmu prane\u0161ame, jog \u0161iemet \u012f parod\u0105 atve\u0161ime pa\u017eangiausias m\u016bs\u0173 si\u016blomos produkcijos bei paslaug\u0173 naujoves. Taip pat parodos metu si\u016blysime i\u0161skirtines pramogas tiek suaugusiems, tiek ma\u017eiesiems \u016bkininkams! M\u016bs\u0173 \u012fmon\u0117 siekia u\u017emegzti pasitik\u0117jimu, stabilumu gr\u012fst\u0105 ilgalaik\u0119 draugyst\u0119 bei kurti bendr\u0105 istorij\u0105 su...","protected":false},"author":2,"featured_media":7787,"comment_status":"closed","ping_status":"closed","sticky":false,"template":"","format":"standard","meta":{"inline_featured_image":false,"footnotes":"","iawp_total_views":26},"categories":[1],"tags":[],"acf":[],"yoast_head":"<!-- This site is optimized with the Yoast SEO plugin v22.4 - https:\/\/yoast.com\/wordpress\/plugins\/seo\/ -->\n<title>Susitikime parodoje! | Agroteka<\/title>\n<meta name=\"robots\" content=\"index, follow, max-snippet:-1, max-image-preview:large, max-video-preview:-1\" \/>\n<link rel=\"canonical\" href=\"https:\/\/www.agroteka.lt\/es\/en-una-reunion-en-la-exposicion\/\" \/>\n<meta property=\"og:locale\" content=\"es_ES\" \/>\n<meta property=\"og:type\" content=\"article\" \/>\n<meta property=\"og:title\" content=\"Susitikime parodoje! | Agroteka\" \/>\n<meta property=\"og:url\" content=\"https:\/\/www.agroteka.lt\/es\/en-una-reunion-en-la-exposicion\/\" \/>\n<meta property=\"og:site_name\" content=\"Agroteka\" \/>\n<meta property=\"article:publisher\" content=\"https:\/\/www.facebook.com\/uabagroteka\" \/>\n<meta property=\"article:published_time\" content=\"2024-02-29T12:11:22+00:00\" \/>\n<meta property=\"article:modified_time\" content=\"2025-01-06T07:41:16+00:00\" \/>\n<meta property=\"og:image\" content=\"https:\/\/www.agroteka.lt\/wp-content\/uploads\/naujienos-paveikslelis-paroda.jpg\" \/>\n\t<meta property=\"og:image:width\" content=\"1024\" \/>\n\t<meta property=\"og:image:height\" content=\"767\" \/>\n\t<meta property=\"og:image:type\" content=\"image\/jpeg\" \/>\n<meta name=\"author\" content=\"admin-evaldas\" \/>\n<meta name=\"twitter:card\" content=\"summary_large_image\" \/>\n<meta name=\"twitter:label1\" content=\"Escrito por\" \/>\n\t<meta name=\"twitter:data1\" content=\"admin-evaldas\" \/>\n\t<meta name=\"twitter:label2\" content=\"Tiempo de lectura\" \/>\n\t<meta name=\"twitter:data2\" content=\"3 minutos\" \/>\n<script type=\"application\/ld+json\" class=\"yoast-schema-graph\">{\"@context\":\"https:\/\/schema.org\",\"@graph\":[{\"@type\":\"Article\",\"@id\":\"https:\/\/www.agroteka.lt\/susitikime-parodoje\/#article\",\"isPartOf\":{\"@id\":\"https:\/\/www.agroteka.lt\/susitikime-parodoje\/\"},\"author\":{\"name\":\"admin-evaldas\",\"@id\":\"https:\/\/www.agroteka.lt\/#\/schema\/person\/248a1f81492da1cade7a443eea443531\"},\"headline\":\"Susitikime parodoje!\",\"datePublished\":\"2024-02-29T12:11:22+00:00\",\"dateModified\":\"2025-01-06T07:41:16+00:00\",\"mainEntityOfPage\":{\"@id\":\"https:\/\/www.agroteka.lt\/susitikime-parodoje\/\"},\"wordCount\":465,\"publisher\":{\"@id\":\"https:\/\/www.agroteka.lt\/#organization\"},\"image\":{\"@id\":\"https:\/\/www.agroteka.lt\/susitikime-parodoje\/#primaryimage\"},\"thumbnailUrl\":\"https:\/\/www.agroteka.lt\/wp-content\/uploads\/naujienos-paveikslelis-paroda.jpg\",\"articleSection\":[\"Naujienos\"],\"inLanguage\":\"es\"},{\"@type\":\"WebPage\",\"@id\":\"https:\/\/www.agroteka.lt\/susitikime-parodoje\/\",\"url\":\"https:\/\/www.agroteka.lt\/susitikime-parodoje\/\",\"name\":\"Susitikime parodoje! | Agroteka\",\"isPartOf\":{\"@id\":\"https:\/\/www.agroteka.lt\/#website\"},\"primaryImageOfPage\":{\"@id\":\"https:\/\/www.agroteka.lt\/susitikime-parodoje\/#primaryimage\"},\"image\":{\"@id\":\"https:\/\/www.agroteka.lt\/susitikime-parodoje\/#primaryimage\"},\"thumbnailUrl\":\"https:\/\/www.agroteka.lt\/wp-content\/uploads\/naujienos-paveikslelis-paroda.jpg\",\"datePublished\":\"2024-02-29T12:11:22+00:00\",\"dateModified\":\"2025-01-06T07:41:16+00:00\",\"breadcrumb\":{\"@id\":\"https:\/\/www.agroteka.lt\/susitikime-parodoje\/#breadcrumb\"},\"inLanguage\":\"es\",\"potentialAction\":[{\"@type\":\"ReadAction\",\"target\":[\"https:\/\/www.agroteka.lt\/susitikime-parodoje\/\"]}]},{\"@type\":\"ImageObject\",\"inLanguage\":\"es\",\"@id\":\"https:\/\/www.agroteka.lt\/susitikime-parodoje\/#primaryimage\",\"url\":\"https:\/\/www.agroteka.lt\/wp-content\/uploads\/naujienos-paveikslelis-paroda.jpg\",\"contentUrl\":\"https:\/\/www.agroteka.lt\/wp-content\/uploads\/naujienos-paveikslelis-paroda.jpg\",\"width\":1024,\"height\":767,\"caption\":\"K\u0105 pas\u0117si 2024 naujiena\"},{\"@type\":\"BreadcrumbList\",\"@id\":\"https:\/\/www.agroteka.lt\/susitikime-parodoje\/#breadcrumb\",\"itemListElement\":[{\"@type\":\"ListItem\",\"position\":1,\"name\":\"Home\",\"item\":\"https:\/\/www.agroteka.lt\/\"},{\"@type\":\"ListItem\",\"position\":2,\"name\":\"Susitikime parodoje!\"}]},{\"@type\":\"WebSite\",\"@id\":\"https:\/\/www.agroteka.lt\/#website\",\"url\":\"https:\/\/www.agroteka.lt\/\",\"name\":\"Agroteka\",\"description\":\"\u017dem\u0117s \u016bkio technika, agro paslaugos, atsargin\u0117s dalys.\",\"publisher\":{\"@id\":\"https:\/\/www.agroteka.lt\/#organization\"},\"potentialAction\":[{\"@type\":\"SearchAction\",\"target\":{\"@type\":\"EntryPoint\",\"urlTemplate\":\"https:\/\/www.agroteka.lt\/?s={search_term_string}\"},\"query-input\":\"required name=search_term_string\"}],\"inLanguage\":\"es\"},{\"@type\":\"Organization\",\"@id\":\"https:\/\/www.agroteka.lt\/#organization\",\"name\":\"Agroteka\",\"url\":\"https:\/\/www.agroteka.lt\/\",\"logo\":{\"@type\":\"ImageObject\",\"inLanguage\":\"es\",\"@id\":\"https:\/\/www.agroteka.lt\/#\/schema\/logo\/image\/\",\"url\":\"https:\/\/www.agroteka.lt\/wp-content\/uploads\/Agroteka_logo_bg.jpg\",\"contentUrl\":\"https:\/\/www.agroteka.lt\/wp-content\/uploads\/Agroteka_logo_bg.jpg\",\"width\":1000,\"height\":422,\"caption\":\"Agroteka\"},\"image\":{\"@id\":\"https:\/\/www.agroteka.lt\/#\/schema\/logo\/image\/\"},\"sameAs\":[\"https:\/\/www.facebook.com\/uabagroteka\",\"https:\/\/www.youtube.com\/user\/UABAgroteka\"]},{\"@type\":\"Person\",\"@id\":\"https:\/\/www.agroteka.lt\/#\/schema\/person\/248a1f81492da1cade7a443eea443531\",\"name\":\"admin-evaldas\",\"image\":{\"@type\":\"ImageObject\",\"inLanguage\":\"es\",\"@id\":\"https:\/\/www.agroteka.lt\/#\/schema\/person\/image\/\",\"url\":\"https:\/\/secure.gravatar.com\/avatar\/1f2699c744f20992cdf9369164e17266?s=96&d=mm&r=g\",\"contentUrl\":\"https:\/\/secure.gravatar.com\/avatar\/1f2699c744f20992cdf9369164e17266?s=96&d=mm&r=g\",\"caption\":\"admin-evaldas\"},\"url\":\"https:\/\/www.agroteka.lt\/es\/author\/admin-evaldas\/\"}]}<\/script>\n<!-- \/ Yoast SEO plugin. -->","yoast_head_json":{"title":"\u00a1Nos vemos en la feria! | Agroteka","robots":{"index":"index","follow":"follow","max-snippet":"max-snippet:-1","max-image-preview":"max-image-preview:large","max-video-preview":"max-video-preview:-1"},"canonical":"https:\/\/www.agroteka.lt\/es\/en-una-reunion-en-la-exposicion\/","og_locale":"es_ES","og_type":"article","og_title":"Susitikime parodoje! | Agroteka","og_url":"https:\/\/www.agroteka.lt\/es\/en-una-reunion-en-la-exposicion\/","og_site_name":"Agroteka","article_publisher":"https:\/\/www.facebook.com\/uabagroteka","article_published_time":"2024-02-29T12:11:22+00:00","article_modified_time":"2025-01-06T07:41:16+00:00","og_image":[{"width":1024,"height":767,"url":"https:\/\/www.agroteka.lt\/wp-content\/uploads\/naujienos-paveikslelis-paroda.jpg","type":"image\/jpeg"}],"author":"admin-evaldas","twitter_card":"summary_large_image","twitter_misc":{"Escrito por":"admin-evaldas","Tiempo de lectura":"3 minutos"},"schema":{"@context":"https:\/\/schema.org","@graph":[{"@type":"Article","@id":"https:\/\/www.agroteka.lt\/susitikime-parodoje\/#article","isPartOf":{"@id":"https:\/\/www.agroteka.lt\/susitikime-parodoje\/"},"author":{"name":"admin-evaldas","@id":"https:\/\/www.agroteka.lt\/#\/schema\/person\/248a1f81492da1cade7a443eea443531"},"headline":"Susitikime parodoje!","datePublished":"2024-02-29T12:11:22+00:00","dateModified":"2025-01-06T07:41:16+00:00","mainEntityOfPage":{"@id":"https:\/\/www.agroteka.lt\/susitikime-parodoje\/"},"wordCount":465,"publisher":{"@id":"https:\/\/www.agroteka.lt\/#organization"},"image":{"@id":"https:\/\/www.agroteka.lt\/susitikime-parodoje\/#primaryimage"},"thumbnailUrl":"https:\/\/www.agroteka.lt\/wp-content\/uploads\/naujienos-paveikslelis-paroda.jpg","articleSection":["Naujienos"],"inLanguage":"es"},{"@type":"WebPage","@id":"https:\/\/www.agroteka.lt\/susitikime-parodoje\/","url":"https:\/\/www.agroteka.lt\/susitikime-parodoje\/","name":"\u00a1Nos vemos en la feria! | Agroteka","isPartOf":{"@id":"https:\/\/www.agroteka.lt\/#website"},"primaryImageOfPage":{"@id":"https:\/\/www.agroteka.lt\/susitikime-parodoje\/#primaryimage"},"image":{"@id":"https:\/\/www.agroteka.lt\/susitikime-parodoje\/#primaryimage"},"thumbnailUrl":"https:\/\/www.agroteka.lt\/wp-content\/uploads\/naujienos-paveikslelis-paroda.jpg","datePublished":"2024-02-29T12:11:22+00:00","dateModified":"2025-01-06T07:41:16+00:00","breadcrumb":{"@id":"https:\/\/www.agroteka.lt\/susitikime-parodoje\/#breadcrumb"},"inLanguage":"es","potentialAction":[{"@type":"ReadAction","target":["https:\/\/www.agroteka.lt\/susitikime-parodoje\/"]}]},{"@type":"ImageObject","inLanguage":"es","@id":"https:\/\/www.agroteka.lt\/susitikime-parodoje\/#primaryimage","url":"https:\/\/www.agroteka.lt\/wp-content\/uploads\/naujienos-paveikslelis-paroda.jpg","contentUrl":"https:\/\/www.agroteka.lt\/wp-content\/uploads\/naujienos-paveikslelis-paroda.jpg","width":1024,"height":767,"caption":"K\u0105 pas\u0117si 2024 naujiena"},{"@type":"BreadcrumbList","@id":"https:\/\/www.agroteka.lt\/susitikime-parodoje\/#breadcrumb","itemListElement":[{"@type":"ListItem","position":1,"name":"Home","item":"https:\/\/www.agroteka.lt\/"},{"@type":"ListItem","position":2,"name":"Susitikime parodoje!"}]},{"@type":"WebSite","@id":"https:\/\/www.agroteka.lt\/#website","url":"https:\/\/www.agroteka.lt\/","name":"Agrotecnolog\u00eda","description":"Maquinaria agr\u00edcola, servicios agr\u00edcolas, repuestos.","publisher":{"@id":"https:\/\/www.agroteka.lt\/#organization"},"potentialAction":[{"@type":"SearchAction","target":{"@type":"EntryPoint","urlTemplate":"https:\/\/www.agroteka.lt\/?s={search_term_string}"},"query-input":"required name=search_term_string"}],"inLanguage":"es"},{"@type":"Organization","@id":"https:\/\/www.agroteka.lt\/#organization","name":"Agrotecnolog\u00eda","url":"https:\/\/www.agroteka.lt\/","logo":{"@type":"ImageObject","inLanguage":"es","@id":"https:\/\/www.agroteka.lt\/#\/schema\/logo\/image\/","url":"https:\/\/www.agroteka.lt\/wp-content\/uploads\/Agroteka_logo_bg.jpg","contentUrl":"https:\/\/www.agroteka.lt\/wp-content\/uploads\/Agroteka_logo_bg.jpg","width":1000,"height":422,"caption":"Agroteka"},"image":{"@id":"https:\/\/www.agroteka.lt\/#\/schema\/logo\/image\/"},"sameAs":["https:\/\/www.facebook.com\/uabagroteka","https:\/\/www.youtube.com\/user\/UABAgroteka"]},{"@type":"Person","@id":"https:\/\/www.agroteka.lt\/#\/schema\/person\/248a1f81492da1cade7a443eea443531","name":"evaluaci\u00f3n de administrador","image":{"@type":"ImageObject","inLanguage":"es","@id":"https:\/\/www.agroteka.lt\/#\/schema\/person\/image\/","url":"https:\/\/secure.gravatar.com\/avatar\/1f2699c744f20992cdf9369164e17266?s=96&d=mm&r=g","contentUrl":"https:\/\/secure.gravatar.com\/avatar\/1f2699c744f20992cdf9369164e17266?s=96&d=mm&r=g","caption":"admin-evaldas"},"url":"https:\/\/www.agroteka.lt\/es\/author\/admin-evaldas\/"}]}},"_links":{"self":[{"href":"https:\/\/www.agroteka.lt\/es\/wp-json\/wp\/v2\/posts\/7728"}],"collection":[{"href":"https:\/\/www.agroteka.lt\/es\/wp-json\/wp\/v2\/posts"}],"about":[{"href":"https:\/\/www.agroteka.lt\/es\/wp-json\/wp\/v2\/types\/post"}],"author":[{"embeddable":true,"href":"https:\/\/www.agroteka.lt\/es\/wp-json\/wp\/v2\/users\/2"}],"replies":[{"embeddable":true,"href":"https:\/\/www.agroteka.lt\/es\/wp-json\/wp\/v2\/comments?post=7728"}],"version-history":[{"count":59,"href":"https:\/\/www.agroteka.lt\/es\/wp-json\/wp\/v2\/posts\/7728\/revisions"}],"predecessor-version":[{"id":7797,"href":"https:\/\/www.agroteka.lt\/es\/wp-json\/wp\/v2\/posts\/7728\/revisions\/7797"}],"wp:featuredmedia":[{"embeddable":true,"href":"https:\/\/www.agroteka.lt\/es\/wp-json\/wp\/v2\/media\/7787"}],"wp:attachment":[{"href":"https:\/\/www.agroteka.lt\/es\/wp-json\/wp\/v2\/media?parent=7728"}],"wp:term":[{"taxonomy":"category","embeddable":true,"href":"https:\/\/www.agroteka.lt\/es\/wp-json\/wp\/v2\/categories?post=7728"},{"taxonomy":"post_tag","embeddable":true,"href":"https:\/\/www.agroteka.lt\/es\/wp-json\/wp\/v2\/tags?post=7728"}],"curies":[{"name":"wp","href":"https:\/\/api.w.org\/{rel}","templated":true}]}}