{"id":16902,"date":"2025-10-20T16:40:50","date_gmt":"2025-10-20T13:40:50","guid":{"rendered":"https:\/\/www.agroteka.lt\/?p=16902"},"modified":"2025-11-07T17:34:50","modified_gmt":"2025-11-07T14:34:50","slug":"le-invitamos-a-visitar-nuestras-marcas-representantes-en-agritechnica-2025","status":"publish","type":"post","link":"https:\/\/www.agroteka.lt\/es\/kvieciame-aplankyti-musu-atstovaujamus-prekes-zenklus-agritechnica-2025-parodoje\/","title":{"rendered":"Le invitamos a visitar nuestras marcas en AGRITECHNICA 2025"},"content":{"rendered":"<section class=\"l-section wpb_row height_medium\"><div class=\"l-section-h i-cf\"><div class=\"g-cols vc_row via_grid cols_1 laptops-cols_inherit tablets-cols_inherit mobiles-cols_1 valign_top type_default stacking_default\"><div class=\"wpb_column vc_column_container\"><div class=\"vc_column-inner\"><div class=\"wpb_text_column\"><div class=\"wpb_wrapper\"><p>AGRITECHNICA 2025, la principal feria mundial de maquinaria agr\u00edcola, se celebrar\u00e1 del 9 al 15 de noviembre en Hannover (Alemania).<\/p>\n<\/div><\/div><div class=\"w-separator size_small\"><\/div><div class=\"w-image align_center\"><div class=\"w-image-h\"><img width=\"1024\" height=\"243\" src=\"https:\/\/www.agroteka.lt\/wp-content\/uploads\/Puslapio-naujienos-vidinis-baneris1200-x-285-px-1-1024x243.jpg\" class=\"attachment-large size-large\" alt=\"\" decoding=\"async\" srcset=\"https:\/\/www.agroteka.lt\/wp-content\/uploads\/Puslapio-naujienos-vidinis-baneris1200-x-285-px-1-1024x243.jpg 1024w, https:\/\/www.agroteka.lt\/wp-content\/uploads\/Puslapio-naujienos-vidinis-baneris1200-x-285-px-1-300x71.jpg 300w, https:\/\/www.agroteka.lt\/wp-content\/uploads\/Puslapio-naujienos-vidinis-baneris1200-x-285-px-1-18x4.jpg 18w, https:\/\/www.agroteka.lt\/wp-content\/uploads\/Puslapio-naujienos-vidinis-baneris1200-x-285-px-1-700x166.jpg 700w, https:\/\/www.agroteka.lt\/wp-content\/uploads\/Puslapio-naujienos-vidinis-baneris1200-x-285-px-1-500x119.jpg 500w, https:\/\/www.agroteka.lt\/wp-content\/uploads\/Puslapio-naujienos-vidinis-baneris1200-x-285-px-1.jpg 1200w\" sizes=\"(max-width: 1024px) 100vw, 1024px\" \/><\/div><\/div><div class=\"w-separator size_small\"><\/div><div class=\"wpb_text_column\"><div class=\"wpb_wrapper\"><h4>Le invitamos a visitar las marcas que representamos:<\/h4>\n<\/div><\/div><div class=\"w-separator size_small\"><\/div><div class=\"wpb_text_column\"><div class=\"wpb_wrapper\"><ul>\n<li><strong>Agrio<\/strong>\u00a0puede encontrar el fabricante de pulverizadores arrastrados y autopropulsados <strong>Pabell\u00f3n 9, asiento G13<\/strong>.<\/li>\n<li><strong>Strautmann<\/strong> empresa de maquinaria ganadera, se instalar\u00e1 en <strong>Pabell\u00f3n 27, asiento D32<\/strong>.<\/li>\n<li><strong><strong>M\u00fc<\/strong><\/strong><strong>cosa<\/strong> Mantillo alem\u00e1n de alta gama que encontrar\u00e1 <strong>Pabell\u00f3n 11, asiento B35<\/strong>.<\/li>\n<li><strong>Gowell<\/strong> la empresa de maquinaria de preparaci\u00f3n y alimentaci\u00f3n de piensos presentar\u00e1 su maquinaria <strong>Pabell\u00f3n 27, asiento E39<\/strong>.<\/li>\n<li>Nuestro nuevo <strong>Pedrotti<\/strong> para secadoras de grano <strong>En el pabell\u00f3n 6, asiento H51<\/strong>.<\/li>\n<li><strong>Bomech<\/strong> equipo de inyecci\u00f3n de lodo <strong>En el pabell\u00f3n 22, asiento B06<\/strong>.<\/li>\n<li><strong>Solo<\/strong> se instalar\u00e1n equipos de siembra <strong>Pabell\u00f3n 11, asiento C31<\/strong>.<\/li>\n<li>Fabricante espa\u00f1ol de cultivos herb\u00e1ceos <strong>Oveja<\/strong>\u00a0Exposici\u00f3n -\u00a0<strong>En el pabell\u00f3n 11, asiento A20<\/strong>.<\/li>\n<li><strong>PTG<\/strong>distribuidor de sistemas de regulaci\u00f3n de la presi\u00f3n de los neum\u00e1ticos, establecer\u00e1 <strong>Sala 20, emplazamiento B09<\/strong>.<\/li>\n<li>Empresas checas\u00a0<strong>Maquinaria JK<\/strong>\u00a0podr\u00e1 ver el equipo\u00a0<strong>En el pabell\u00f3n 6, asiento G31<\/strong>.<\/li>\n<li><strong>Romil<\/strong>\u00a0encontrar\u00e1 el stand de la empresa de tecnolog\u00eda de producci\u00f3n de piensos\u00a0<strong>En el pabell\u00f3n 7, ubicaci\u00f3n A02<\/strong>.<\/li>\n<li><strong>AvMap<\/strong> maquinaria agr\u00edcola de precisi\u00f3n <strong>Sala 21, asiento A33<\/strong>.<\/li>\n<\/ul>\n<\/div><\/div><div class=\"w-separator size_medium\"><\/div><div class=\"wpb_text_column\"><div class=\"wpb_wrapper\"><h4>La principal atracci\u00f3n de la exposici\u00f3n AGRIO es el pulverizador autopropulsado DINO 3<\/h4>\n<\/div><\/div><div class=\"w-separator size_small\"><\/div><div class=\"g-cols wpb_row via_grid cols_2 laptops-cols_inherit tablets-cols_inherit mobiles-cols_1 valign_middle type_default stacking_default\"><div class=\"wpb_column vc_column_container\"><div class=\"vc_column-inner\"><div class=\"wpb_text_column\"><div class=\"wpb_wrapper\"><p>Este pulverizador es especialmente adecuado para zonas monta\u00f1osas. Gracias a su exclusiva suspensi\u00f3n del eje y a su dise\u00f1o de accionamiento hidr\u00e1ulico, <strong>Dinosaurio<\/strong> no s\u00f3lo puede subir altas colinas, sino tambi\u00e9n conducir por zonas h\u00famedas que ser\u00edan trampas para otros coches. Este pulverizador autopropulsado puede <strong>6000 o 7000<\/strong> litros con <strong>18-36 metros<\/strong> vigas de anchura de trabajo.<\/p>\n<p>Tambi\u00e9n podr\u00e1 ver el pulverizador arrastrado m\u00e1s grande del mercado <strong>GIGANTE<\/strong>. En <strong>10000-14000 litros de capacidad<\/strong> dep\u00f3sito y chasis t\u00e1ndem, el pulverizador demuestra f\u00e1cilmente su ventaja al utilizar la anchura m\u00e1xima de trabajo de la barra en superficies muy largas.<\/p>\n<\/div><\/div><\/div><\/div><div class=\"wpb_column vc_column_container\"><div class=\"vc_column-inner\"><div class=\"w-image align_center\"><div class=\"w-image-h\"><img width=\"640\" height=\"400\" src=\"https:\/\/www.agroteka.lt\/wp-content\/uploads\/savaeigiai-purktuvai-dino3-640x400.jpg\" class=\"attachment-us_700_400 size-us_700_400\" alt=\"Pulverizadores autopropulsados Dino\" decoding=\"async\" srcset=\"https:\/\/www.agroteka.lt\/wp-content\/uploads\/savaeigiai-purktuvai-dino3-640x400.jpg 640w, https:\/\/www.agroteka.lt\/wp-content\/uploads\/savaeigiai-purktuvai-dino3-300x188.jpg 300w, https:\/\/www.agroteka.lt\/wp-content\/uploads\/savaeigiai-purktuvai-dino3-1024x640.jpg 1024w, https:\/\/www.agroteka.lt\/wp-content\/uploads\/savaeigiai-purktuvai-dino3.jpg 2000w\" sizes=\"(max-width: 640px) 100vw, 640px\" \/><\/div><\/div><\/div><\/div><\/div><div class=\"w-separator size_medium\"><\/div><div class=\"wpb_text_column\"><div class=\"wpb_wrapper\"><h4>Las nuevas esparcidoras de esti\u00e9rcol STRAUTMANN MS: versatilidad, eficacia y fiabilidad<\/h4>\n<\/div><\/div><div class=\"w-separator size_small\"><\/div><div class=\"wpb_text_column\"><div class=\"wpb_wrapper\"><p>Con la nueva serie de agitadores MS, STRAUTMANN presenta dos potentes modelos - <strong>MS 105 y MS 120.<\/strong> Dise\u00f1adas espec\u00edficamente para esparcir esti\u00e9rcol y otros abonos org\u00e1nicos, ambas esparcidoras siguen destacando por su versatilidad, eficacia y durabilidad.<\/p>\n<p>Nuevos modelos con capacidad de hasta <strong>10,5 m\u00b3<\/strong> (MS 105) y <strong>12 m\u00b3<\/strong> (MS 120) sustituir\u00e1 a los actuales agitadores MS 801-MS 1401 a partir de 2026.<\/p>\n<\/div><\/div><div class=\"w-separator size_small\"><\/div><div class=\"g-cols wpb_row via_grid cols_2 laptops-cols_inherit tablets-cols_inherit mobiles-cols_1 valign_middle type_default stacking_default\"><div class=\"wpb_column vc_column_container\"><div class=\"vc_column-inner\"><div class=\"wpb_text_column\"><div class=\"wpb_wrapper\"><p><strong>Las principales ventajas de los nuevos agitadores MS:<\/strong><\/p>\n<ul>\n<li>Amplia gama de herramientas para diferentes modelos<\/li>\n<li>Construcci\u00f3n robusta y componentes duraderos para un uso intensivo<\/li>\n<li>Gran precisi\u00f3n de agitaci\u00f3n para una distribuci\u00f3n uniforme del abono<\/li>\n<\/ul>\n<\/div><\/div><div class=\"w-separator size_small\"><\/div><div class=\"wpb_text_column\"><div class=\"wpb_wrapper\"><p>Con la nueva serie MS, STRAUTMANN combina una tecnolog\u00eda probada con una flexibilidad a\u00fan mayor, componentes robustos, detalles bien pensados y soluciones pr\u00e1cticas que hacen de los nuevos sacudidores MS una m\u00e1quina fiable tanto para los agricultores como para los proveedores de servicios.<\/p>\n<\/div><\/div><\/div><\/div><div class=\"wpb_column vc_column_container\"><div class=\"vc_column-inner\"><div class=\"w-image align_none\"><div class=\"w-image-h\"><img width=\"640\" height=\"400\" src=\"https:\/\/www.agroteka.lt\/wp-content\/uploads\/STRAUTMANN-MS-kratytuvas-naujas-2-1-640x400.jpg\" class=\"attachment-us_700_400 size-us_700_400\" alt=\"2 opciones de equipos de dispersi\u00f3n\" decoding=\"async\" srcset=\"https:\/\/www.agroteka.lt\/wp-content\/uploads\/STRAUTMANN-MS-kratytuvas-naujas-2-1-640x400.jpg 640w, https:\/\/www.agroteka.lt\/wp-content\/uploads\/STRAUTMANN-MS-kratytuvas-naujas-2-1-300x188.jpg 300w, https:\/\/www.agroteka.lt\/wp-content\/uploads\/STRAUTMANN-MS-kratytuvas-naujas-2-1-1024x640.jpg 1024w, https:\/\/www.agroteka.lt\/wp-content\/uploads\/STRAUTMANN-MS-kratytuvas-naujas-2-1-18x12.jpg 18w, https:\/\/www.agroteka.lt\/wp-content\/uploads\/STRAUTMANN-MS-kratytuvas-naujas-2-1-500x313.jpg 500w, https:\/\/www.agroteka.lt\/wp-content\/uploads\/STRAUTMANN-MS-kratytuvas-naujas-2-1.jpg 2000w\" sizes=\"(max-width: 640px) 100vw, 640px\" \/><\/div><\/div><\/div><\/div><\/div><div class=\"w-separator size_medium\"><\/div><div class=\"wpb_text_column\"><div class=\"wpb_wrapper\"><h4><span lang=\"en-US\">OVLAC <\/span><span lang=\"lt\">lanzar\u00e1 el nuevo cultivador superficial ATLander en la feria de este a\u00f1o<\/span><\/h4>\n<\/div><\/div><div class=\"w-separator size_small\"><\/div><div class=\"wpb_text_column\"><div class=\"wpb_wrapper\"><p>Dise\u00f1ado para el trabajo <strong>hasta 15 cm de profundidad<\/strong>El ATLander es vers\u00e1til: desde la colocaci\u00f3n de rastrojos hasta el control mec\u00e1nico de las malas hierbas o la preparaci\u00f3n del lecho de siembra. Sus dientes de brazo ultraplanos, tambi\u00e9n disponibles con puntas de carburo de tungsteno, garantizan un corte uniforme en toda la anchura de trabajo y dejan una superficie perfectamente nivelada.<\/p>\n<p>Disponible en <span style=\"font-weight: bold;\">6 <\/span>y<span style=\"font-weight: bold;\"> 7,5 m<\/span> modelos de anchura de trabajo. <span style=\"font-weight: bold;\">ATLander<\/span> combina eficiencia, bajo consumo de combustible y sostenibilidad, lo que la convierte en una herramienta indispensable para la agricultura moderna.<\/p>\n<\/div><\/div><div class=\"w-separator size_small\"><\/div><div class=\"g-cols wpb_row via_grid cols_2 laptops-cols_inherit tablets-cols_inherit mobiles-cols_1 valign_middle type_default stacking_default\"><div class=\"wpb_column vc_column_container\"><div class=\"vc_column-inner\"><div class=\"w-image align_center\"><div class=\"w-image-h\"><img width=\"640\" height=\"400\" src=\"https:\/\/www.agroteka.lt\/wp-content\/uploads\/OVLAC-ATLander-1-640x400.jpg\" class=\"attachment-us_700_400 size-us_700_400\" alt=\"\" decoding=\"async\" srcset=\"https:\/\/www.agroteka.lt\/wp-content\/uploads\/OVLAC-ATLander-1-640x400.jpg 640w, https:\/\/www.agroteka.lt\/wp-content\/uploads\/OVLAC-ATLander-1-300x188.jpg 300w, https:\/\/www.agroteka.lt\/wp-content\/uploads\/OVLAC-ATLander-1-1024x640.jpg 1024w, https:\/\/www.agroteka.lt\/wp-content\/uploads\/OVLAC-ATLander-1-18x12.jpg 18w, https:\/\/www.agroteka.lt\/wp-content\/uploads\/OVLAC-ATLander-1-500x313.jpg 500w, https:\/\/www.agroteka.lt\/wp-content\/uploads\/OVLAC-ATLander-1.jpg 2000w\" sizes=\"(max-width: 640px) 100vw, 640px\" \/><\/div><\/div><\/div><\/div><div class=\"wpb_column vc_column_container\"><div class=\"vc_column-inner\"><div class=\"w-image align_none\"><div class=\"w-image-h\"><img width=\"640\" height=\"400\" src=\"https:\/\/www.agroteka.lt\/wp-content\/uploads\/OVLAC-ATLander-2-640x400.jpg\" class=\"attachment-us_700_400 size-us_700_400\" alt=\"\" decoding=\"async\" srcset=\"https:\/\/www.agroteka.lt\/wp-content\/uploads\/OVLAC-ATLander-2-640x400.jpg 640w, https:\/\/www.agroteka.lt\/wp-content\/uploads\/OVLAC-ATLander-2-300x188.jpg 300w, https:\/\/www.agroteka.lt\/wp-content\/uploads\/OVLAC-ATLander-2-1024x640.jpg 1024w, https:\/\/www.agroteka.lt\/wp-content\/uploads\/OVLAC-ATLander-2-18x12.jpg 18w, https:\/\/www.agroteka.lt\/wp-content\/uploads\/OVLAC-ATLander-2-500x313.jpg 500w, https:\/\/www.agroteka.lt\/wp-content\/uploads\/OVLAC-ATLander-2.jpg 2000w\" sizes=\"(max-width: 640px) 100vw, 640px\" \/><\/div><\/div><\/div><\/div><\/div><div class=\"w-separator size_small\"><\/div><div class=\"wpb_text_column\"><div class=\"wpb_wrapper\"><p>Exposiciones <strong>Oveja<\/strong> tambi\u00e9n exhibir\u00e1 sus aperos m\u00e1s famosos:<\/p>\n<ul>\n<li><strong>XPeriencia<\/strong> - arados para trabajar en el surco y en la superficie;<\/li>\n<li><strong>Mini<\/strong> - arados para laboreo superficial;<\/li>\n<li><strong>Versatill<\/strong> - cultivadores vers\u00e1tiles y robustos para el cultivo vertical;<\/li>\n<li><strong>Maxidisco II<\/strong> - Gradas de discos cortas de alto rendimiento;<\/li>\n<li><strong>Minivid Pro<\/strong> - una soluci\u00f3n especializada para vi\u00f1edos.<\/li>\n<\/ul>\n<\/div><\/div><div class=\"w-separator size_medium\"><\/div><div class=\"wpb_text_column\"><div class=\"wpb_wrapper\"><h4>La \u00faltima incorporaci\u00f3n a la gama de trituradoras alemanas de alta gama M\u00fcthing - MU-PRO\/R Vario<\/h4>\n<\/div><\/div><div class=\"w-separator size_small\"><\/div><div class=\"wpb_text_column\"><div class=\"wpb_wrapper\"><p>M\u00fcthing establece nuevos est\u00e1ndares en el mercado internacional con su nueva serie de trituradoras. En AGRITECHNICA 2025, se presentar\u00e1 la \u00faltima serie de trituradoras alemanas de gama alta MU-PRO\/R Vario.<\/p>\n<\/div><\/div><div class=\"w-separator size_small\"><\/div><div class=\"g-cols wpb_row via_grid cols_2 laptops-cols_inherit tablets-cols_inherit mobiles-cols_1 valign_middle type_default stacking_default\"><div class=\"wpb_column vc_column_container\"><div class=\"vc_column-inner\"><div class=\"wpb_text_column\"><div class=\"wpb_wrapper\"><p>Esta serie combina la calidad de la gama de trituradoras M\u00fcthing Vario con equipos hechos a medida para satisfacer los requisitos de diferentes mercados de todo el mundo.<\/p>\n<p>Anchura de trabajo de las trituradoras de 2,80 a 3,20 metros. Tambi\u00e9n disponibles con rodillo de apoyo o, alternativamente, con ruedas de apoyo.<\/p>\n<\/div><\/div><div class=\"w-separator size_small\"><\/div><div class=\"wpb_text_column\"><div class=\"wpb_wrapper\"><p><strong>Tambi\u00e9n se expondr\u00e1n estas trituradoras:<\/strong><\/p>\n<ul>\n<li>MU-M\/S Vario Plus<\/li>\n<li>MU-PRO\/F 860 Vario<\/li>\n<li>y m\u00e1s noticias de M\u00fcthing<\/li>\n<\/ul>\n<\/div><\/div><\/div><\/div><div class=\"wpb_column vc_column_container\"><div class=\"vc_column-inner\"><div class=\"w-image align_none\"><div class=\"w-image-h\"><img width=\"640\" height=\"400\" src=\"https:\/\/www.agroteka.lt\/wp-content\/uploads\/MUTHING-MU-PROR-Vario-1-640x400.jpg\" class=\"attachment-us_700_400 size-us_700_400\" alt=\"\" decoding=\"async\" srcset=\"https:\/\/www.agroteka.lt\/wp-content\/uploads\/MUTHING-MU-PROR-Vario-1-640x400.jpg 640w, https:\/\/www.agroteka.lt\/wp-content\/uploads\/MUTHING-MU-PROR-Vario-1-300x188.jpg 300w, https:\/\/www.agroteka.lt\/wp-content\/uploads\/MUTHING-MU-PROR-Vario-1-1024x640.jpg 1024w, https:\/\/www.agroteka.lt\/wp-content\/uploads\/MUTHING-MU-PROR-Vario-1-18x12.jpg 18w, https:\/\/www.agroteka.lt\/wp-content\/uploads\/MUTHING-MU-PROR-Vario-1-500x313.jpg 500w, https:\/\/www.agroteka.lt\/wp-content\/uploads\/MUTHING-MU-PROR-Vario-1.jpg 2000w\" sizes=\"(max-width: 640px) 100vw, 640px\" \/><\/div><\/div><\/div><\/div><\/div><div class=\"w-separator size_medium\"><\/div><div class=\"wpb_text_column\"><div class=\"wpb_wrapper\"><h4>FARMNAVIGATOR Pilota - un sistema de conducci\u00f3n autom\u00e1tica f\u00e1cil de instalar, completo y fiable<\/h4>\n<\/div><\/div><div class=\"w-separator size_small\"><\/div><div class=\"g-cols wpb_row via_grid cols_2 laptops-cols_inherit tablets-cols_inherit mobiles-cols_1 valign_middle type_default stacking_default\"><div class=\"wpb_column vc_column_container\"><div class=\"vc_column-inner\"><div class=\"wpb_text_column\"><div class=\"wpb_wrapper\"><p>AvMap presentar\u00e1 el sistema de conducci\u00f3n automatizada Farmnavigator Pilota, una soluci\u00f3n compacta y ligera dise\u00f1ada para optimizar los costes y simplificar la instalaci\u00f3n. Toda la plataforma inercial est\u00e1 integrada en una potente antena RTK All in One, lo que elimina la necesidad de una unidad de control externa.<\/p>\n<p data-start=\"646\" data-end=\"848\">FARMNAVIGATOR Pilota dispone de un proceso de calibraci\u00f3n sencillo y eficaz: basta con introducir las dimensiones del tractor y seguir unos pasos claramente definidos seg\u00fan las instrucciones que aparecen en pantalla.<\/p>\n<p data-start=\"850\" data-end=\"1122\">El sistema se integra con las pantallas multifunci\u00f3n G7 y G12, que ofrecen hardware de alta calidad, funciones ISOBUS avanzadas y conectividad con la plataforma en la nube MyFarmnavigator.com, lo que permite a su explotaci\u00f3n embarcarse en una transformaci\u00f3n digital.<\/p>\n<\/div><\/div><\/div><\/div><div class=\"wpb_column vc_column_container\"><div class=\"vc_column-inner\"><div class=\"w-image align_none\"><div class=\"w-image-h\"><img width=\"640\" height=\"400\" src=\"https:\/\/www.agroteka.lt\/wp-content\/uploads\/Farmnavigator-pilota-1-640x400.jpg\" class=\"attachment-us_700_400 size-us_700_400\" alt=\"\" decoding=\"async\" srcset=\"https:\/\/www.agroteka.lt\/wp-content\/uploads\/Farmnavigator-pilota-1-640x400.jpg 640w, https:\/\/www.agroteka.lt\/wp-content\/uploads\/Farmnavigator-pilota-1-300x188.jpg 300w, https:\/\/www.agroteka.lt\/wp-content\/uploads\/Farmnavigator-pilota-1-1024x640.jpg 1024w, https:\/\/www.agroteka.lt\/wp-content\/uploads\/Farmnavigator-pilota-1-18x12.jpg 18w, https:\/\/www.agroteka.lt\/wp-content\/uploads\/Farmnavigator-pilota-1-500x313.jpg 500w, https:\/\/www.agroteka.lt\/wp-content\/uploads\/Farmnavigator-pilota-1.jpg 1920w\" sizes=\"(max-width: 640px) 100vw, 640px\" \/><\/div><\/div><\/div><\/div><\/div><div class=\"w-separator size_medium\"><\/div><div class=\"wpb_text_column\"><div class=\"wpb_wrapper\"><p>\u00c9stos son s\u00f3lo algunos de los aspectos m\u00e1s destacados de AGRITECHNICA 2025 que conocemos. Descubra m\u00e1s sigui\u00e9ndonos o asistiendo a la feria en Hannover, Alemania, del 9 al 15 de noviembre. No se pierda la oportunidad de ver las \u00faltimas innovaciones y soluciones en agricultura.<\/p>\n<\/div><\/div><\/div><\/div><\/div><\/div><\/section><div class=\"wpb_column vc_column_container\"><div class=\"vc_column-inner\"><\/div><\/div><div class=\"wpb_column vc_column_container\"><div class=\"vc_column-inner\"><\/div><\/div>","protected":false},"excerpt":{"rendered":"Pasaulyje pirmaujanti \u017eem\u0117s \u016bkio technikos paroda AGRITECHNICA 2025 jau lapkr\u010dio 9\u201315 dienomis \u012fvyks Hanoveryje, Vokietijoje. Kvie\u010diame aplankyti m\u016bs\u0173 atstovaujamus prek\u0117s \u017eenklus: Agrio\u00a0prikabinam\u0173 ir savaeigi\u0173 purk\u0161tuv\u0173 gamintoj\u0105 gal\u0117site rasti 9 sal\u0117je G13 vietoje. Strautmann \u012fmon\u0117, pasi\u017eyminti gyvulininkyst\u0117s technikos asortimentu, bus \u012fsik\u016brusi 27 sal\u0117je D32 vietoje. M\u00fcthing auk\u0161tos klas\u0117s voki\u0161kus mul\u010derius rasite 11 sal\u0117je B35 vietoje. Goweil...","protected":false},"author":5,"featured_media":16931,"comment_status":"closed","ping_status":"closed","sticky":false,"template":"","format":"standard","meta":{"inline_featured_image":false,"footnotes":"","iawp_total_views":56},"categories":[1],"tags":[],"acf":[],"yoast_head":"<!-- This site is optimized with the Yoast SEO plugin v22.4 - https:\/\/yoast.com\/wordpress\/plugins\/seo\/ -->\n<title>Kvie\u010diame aplankyti m\u016bs\u0173 atstovaujamus prek\u0117s \u017eenklus AGRITECHNICA 2025 parodoje | Agroteka<\/title>\n<meta name=\"robots\" content=\"index, follow, max-snippet:-1, max-image-preview:large, max-video-preview:-1\" \/>\n<link rel=\"canonical\" href=\"https:\/\/www.agroteka.lt\/es\/le-invitamos-a-visitar-nuestras-marcas-representantes-en-agritechnica-2025\/\" \/>\n<meta property=\"og:locale\" content=\"es_ES\" \/>\n<meta property=\"og:type\" content=\"article\" \/>\n<meta property=\"og:title\" content=\"Kvie\u010diame aplankyti m\u016bs\u0173 atstovaujamus prek\u0117s \u017eenklus AGRITECHNICA 2025 parodoje | Agroteka\" \/>\n<meta property=\"og:url\" content=\"https:\/\/www.agroteka.lt\/es\/le-invitamos-a-visitar-nuestras-marcas-representantes-en-agritechnica-2025\/\" \/>\n<meta property=\"og:site_name\" content=\"Agroteka\" \/>\n<meta property=\"article:publisher\" content=\"https:\/\/www.facebook.com\/uabagroteka\" \/>\n<meta property=\"article:published_time\" content=\"2025-10-20T13:40:50+00:00\" \/>\n<meta property=\"article:modified_time\" content=\"2025-11-07T14:34:50+00:00\" \/>\n<meta property=\"og:image\" content=\"https:\/\/www.agroteka.lt\/wp-content\/uploads\/Puslapio-naujienos-baneris-1024-x-767-px-2-1.jpg\" \/>\n\t<meta property=\"og:image:width\" content=\"1024\" \/>\n\t<meta property=\"og:image:height\" content=\"767\" \/>\n\t<meta property=\"og:image:type\" content=\"image\/jpeg\" \/>\n<meta name=\"author\" content=\"Ineta\" \/>\n<meta name=\"twitter:card\" content=\"summary_large_image\" \/>\n<meta name=\"twitter:label1\" content=\"Escrito por\" \/>\n\t<meta name=\"twitter:data1\" content=\"Ineta\" \/>\n\t<meta name=\"twitter:label2\" content=\"Tiempo de lectura\" \/>\n\t<meta name=\"twitter:data2\" content=\"4 minutos\" \/>\n<script type=\"application\/ld+json\" class=\"yoast-schema-graph\">{\"@context\":\"https:\/\/schema.org\",\"@graph\":[{\"@type\":\"Article\",\"@id\":\"https:\/\/www.agroteka.lt\/kvieciame-aplankyti-musu-atstovaujamus-prekes-zenklus-agritechnica-2025-parodoje\/#article\",\"isPartOf\":{\"@id\":\"https:\/\/www.agroteka.lt\/kvieciame-aplankyti-musu-atstovaujamus-prekes-zenklus-agritechnica-2025-parodoje\/\"},\"author\":{\"name\":\"Ineta\",\"@id\":\"https:\/\/www.agroteka.lt\/#\/schema\/person\/c7c2383a04d618a29574466f6ca6c7c1\"},\"headline\":\"Kvie\u010diame aplankyti m\u016bs\u0173 atstovaujamus prek\u0117s \u017eenklus AGRITECHNICA 2025 parodoje\",\"datePublished\":\"2025-10-20T13:40:50+00:00\",\"dateModified\":\"2025-11-07T14:34:50+00:00\",\"mainEntityOfPage\":{\"@id\":\"https:\/\/www.agroteka.lt\/kvieciame-aplankyti-musu-atstovaujamus-prekes-zenklus-agritechnica-2025-parodoje\/\"},\"wordCount\":1198,\"publisher\":{\"@id\":\"https:\/\/www.agroteka.lt\/#organization\"},\"image\":{\"@id\":\"https:\/\/www.agroteka.lt\/kvieciame-aplankyti-musu-atstovaujamus-prekes-zenklus-agritechnica-2025-parodoje\/#primaryimage\"},\"thumbnailUrl\":\"https:\/\/www.agroteka.lt\/wp-content\/uploads\/Puslapio-naujienos-baneris-1024-x-767-px-2-1.jpg\",\"articleSection\":[\"Naujienos\"],\"inLanguage\":\"es\"},{\"@type\":\"WebPage\",\"@id\":\"https:\/\/www.agroteka.lt\/kvieciame-aplankyti-musu-atstovaujamus-prekes-zenklus-agritechnica-2025-parodoje\/\",\"url\":\"https:\/\/www.agroteka.lt\/kvieciame-aplankyti-musu-atstovaujamus-prekes-zenklus-agritechnica-2025-parodoje\/\",\"name\":\"Kvie\u010diame aplankyti m\u016bs\u0173 atstovaujamus prek\u0117s \u017eenklus AGRITECHNICA 2025 parodoje | Agroteka\",\"isPartOf\":{\"@id\":\"https:\/\/www.agroteka.lt\/#website\"},\"primaryImageOfPage\":{\"@id\":\"https:\/\/www.agroteka.lt\/kvieciame-aplankyti-musu-atstovaujamus-prekes-zenklus-agritechnica-2025-parodoje\/#primaryimage\"},\"image\":{\"@id\":\"https:\/\/www.agroteka.lt\/kvieciame-aplankyti-musu-atstovaujamus-prekes-zenklus-agritechnica-2025-parodoje\/#primaryimage\"},\"thumbnailUrl\":\"https:\/\/www.agroteka.lt\/wp-content\/uploads\/Puslapio-naujienos-baneris-1024-x-767-px-2-1.jpg\",\"datePublished\":\"2025-10-20T13:40:50+00:00\",\"dateModified\":\"2025-11-07T14:34:50+00:00\",\"breadcrumb\":{\"@id\":\"https:\/\/www.agroteka.lt\/kvieciame-aplankyti-musu-atstovaujamus-prekes-zenklus-agritechnica-2025-parodoje\/#breadcrumb\"},\"inLanguage\":\"es\",\"potentialAction\":[{\"@type\":\"ReadAction\",\"target\":[\"https:\/\/www.agroteka.lt\/kvieciame-aplankyti-musu-atstovaujamus-prekes-zenklus-agritechnica-2025-parodoje\/\"]}]},{\"@type\":\"ImageObject\",\"inLanguage\":\"es\",\"@id\":\"https:\/\/www.agroteka.lt\/kvieciame-aplankyti-musu-atstovaujamus-prekes-zenklus-agritechnica-2025-parodoje\/#primaryimage\",\"url\":\"https:\/\/www.agroteka.lt\/wp-content\/uploads\/Puslapio-naujienos-baneris-1024-x-767-px-2-1.jpg\",\"contentUrl\":\"https:\/\/www.agroteka.lt\/wp-content\/uploads\/Puslapio-naujienos-baneris-1024-x-767-px-2-1.jpg\",\"width\":1024,\"height\":767},{\"@type\":\"BreadcrumbList\",\"@id\":\"https:\/\/www.agroteka.lt\/kvieciame-aplankyti-musu-atstovaujamus-prekes-zenklus-agritechnica-2025-parodoje\/#breadcrumb\",\"itemListElement\":[{\"@type\":\"ListItem\",\"position\":1,\"name\":\"Home\",\"item\":\"https:\/\/www.agroteka.lt\/\"},{\"@type\":\"ListItem\",\"position\":2,\"name\":\"Kvie\u010diame aplankyti m\u016bs\u0173 atstovaujamus prek\u0117s \u017eenklus AGRITECHNICA 2025 parodoje\"}]},{\"@type\":\"WebSite\",\"@id\":\"https:\/\/www.agroteka.lt\/#website\",\"url\":\"https:\/\/www.agroteka.lt\/\",\"name\":\"Agroteka\",\"description\":\"\u017dem\u0117s \u016bkio technika, agro paslaugos, atsargin\u0117s dalys.\",\"publisher\":{\"@id\":\"https:\/\/www.agroteka.lt\/#organization\"},\"potentialAction\":[{\"@type\":\"SearchAction\",\"target\":{\"@type\":\"EntryPoint\",\"urlTemplate\":\"https:\/\/www.agroteka.lt\/?s={search_term_string}\"},\"query-input\":\"required name=search_term_string\"}],\"inLanguage\":\"es\"},{\"@type\":\"Organization\",\"@id\":\"https:\/\/www.agroteka.lt\/#organization\",\"name\":\"Agroteka\",\"url\":\"https:\/\/www.agroteka.lt\/\",\"logo\":{\"@type\":\"ImageObject\",\"inLanguage\":\"es\",\"@id\":\"https:\/\/www.agroteka.lt\/#\/schema\/logo\/image\/\",\"url\":\"https:\/\/www.agroteka.lt\/wp-content\/uploads\/Agroteka_logo_bg.jpg\",\"contentUrl\":\"https:\/\/www.agroteka.lt\/wp-content\/uploads\/Agroteka_logo_bg.jpg\",\"width\":1000,\"height\":422,\"caption\":\"Agroteka\"},\"image\":{\"@id\":\"https:\/\/www.agroteka.lt\/#\/schema\/logo\/image\/\"},\"sameAs\":[\"https:\/\/www.facebook.com\/uabagroteka\",\"https:\/\/www.youtube.com\/user\/UABAgroteka\"]},{\"@type\":\"Person\",\"@id\":\"https:\/\/www.agroteka.lt\/#\/schema\/person\/c7c2383a04d618a29574466f6ca6c7c1\",\"name\":\"Ineta\",\"image\":{\"@type\":\"ImageObject\",\"inLanguage\":\"es\",\"@id\":\"https:\/\/www.agroteka.lt\/#\/schema\/person\/image\/\",\"url\":\"https:\/\/secure.gravatar.com\/avatar\/859f88ac55f964193f30157c95b71f87?s=96&d=mm&r=g\",\"contentUrl\":\"https:\/\/secure.gravatar.com\/avatar\/859f88ac55f964193f30157c95b71f87?s=96&d=mm&r=g\",\"caption\":\"Ineta\"},\"url\":\"https:\/\/www.agroteka.lt\/es\/author\/ineta-mrkt1\/\"}]}<\/script>\n<!-- \/ Yoast SEO plugin. -->","yoast_head_json":{"title":"Le invitamos a visitar nuestras marcas en AGRITECHNICA 2025 | Agroteka","robots":{"index":"index","follow":"follow","max-snippet":"max-snippet:-1","max-image-preview":"max-image-preview:large","max-video-preview":"max-video-preview:-1"},"canonical":"https:\/\/www.agroteka.lt\/es\/le-invitamos-a-visitar-nuestras-marcas-representantes-en-agritechnica-2025\/","og_locale":"es_ES","og_type":"article","og_title":"Kvie\u010diame aplankyti m\u016bs\u0173 atstovaujamus prek\u0117s \u017eenklus AGRITECHNICA 2025 parodoje | Agroteka","og_url":"https:\/\/www.agroteka.lt\/es\/le-invitamos-a-visitar-nuestras-marcas-representantes-en-agritechnica-2025\/","og_site_name":"Agroteka","article_publisher":"https:\/\/www.facebook.com\/uabagroteka","article_published_time":"2025-10-20T13:40:50+00:00","article_modified_time":"2025-11-07T14:34:50+00:00","og_image":[{"width":1024,"height":767,"url":"https:\/\/www.agroteka.lt\/wp-content\/uploads\/Puslapio-naujienos-baneris-1024-x-767-px-2-1.jpg","type":"image\/jpeg"}],"author":"Ineta","twitter_card":"summary_large_image","twitter_misc":{"Escrito por":"Ineta","Tiempo de lectura":"4 minutos"},"schema":{"@context":"https:\/\/schema.org","@graph":[{"@type":"Article","@id":"https:\/\/www.agroteka.lt\/kvieciame-aplankyti-musu-atstovaujamus-prekes-zenklus-agritechnica-2025-parodoje\/#article","isPartOf":{"@id":"https:\/\/www.agroteka.lt\/kvieciame-aplankyti-musu-atstovaujamus-prekes-zenklus-agritechnica-2025-parodoje\/"},"author":{"name":"Ineta","@id":"https:\/\/www.agroteka.lt\/#\/schema\/person\/c7c2383a04d618a29574466f6ca6c7c1"},"headline":"Kvie\u010diame aplankyti m\u016bs\u0173 atstovaujamus prek\u0117s \u017eenklus AGRITECHNICA 2025 parodoje","datePublished":"2025-10-20T13:40:50+00:00","dateModified":"2025-11-07T14:34:50+00:00","mainEntityOfPage":{"@id":"https:\/\/www.agroteka.lt\/kvieciame-aplankyti-musu-atstovaujamus-prekes-zenklus-agritechnica-2025-parodoje\/"},"wordCount":1198,"publisher":{"@id":"https:\/\/www.agroteka.lt\/#organization"},"image":{"@id":"https:\/\/www.agroteka.lt\/kvieciame-aplankyti-musu-atstovaujamus-prekes-zenklus-agritechnica-2025-parodoje\/#primaryimage"},"thumbnailUrl":"https:\/\/www.agroteka.lt\/wp-content\/uploads\/Puslapio-naujienos-baneris-1024-x-767-px-2-1.jpg","articleSection":["Naujienos"],"inLanguage":"es"},{"@type":"WebPage","@id":"https:\/\/www.agroteka.lt\/kvieciame-aplankyti-musu-atstovaujamus-prekes-zenklus-agritechnica-2025-parodoje\/","url":"https:\/\/www.agroteka.lt\/kvieciame-aplankyti-musu-atstovaujamus-prekes-zenklus-agritechnica-2025-parodoje\/","name":"Le invitamos a visitar nuestras marcas en AGRITECHNICA 2025 | Agroteka","isPartOf":{"@id":"https:\/\/www.agroteka.lt\/#website"},"primaryImageOfPage":{"@id":"https:\/\/www.agroteka.lt\/kvieciame-aplankyti-musu-atstovaujamus-prekes-zenklus-agritechnica-2025-parodoje\/#primaryimage"},"image":{"@id":"https:\/\/www.agroteka.lt\/kvieciame-aplankyti-musu-atstovaujamus-prekes-zenklus-agritechnica-2025-parodoje\/#primaryimage"},"thumbnailUrl":"https:\/\/www.agroteka.lt\/wp-content\/uploads\/Puslapio-naujienos-baneris-1024-x-767-px-2-1.jpg","datePublished":"2025-10-20T13:40:50+00:00","dateModified":"2025-11-07T14:34:50+00:00","breadcrumb":{"@id":"https:\/\/www.agroteka.lt\/kvieciame-aplankyti-musu-atstovaujamus-prekes-zenklus-agritechnica-2025-parodoje\/#breadcrumb"},"inLanguage":"es","potentialAction":[{"@type":"ReadAction","target":["https:\/\/www.agroteka.lt\/kvieciame-aplankyti-musu-atstovaujamus-prekes-zenklus-agritechnica-2025-parodoje\/"]}]},{"@type":"ImageObject","inLanguage":"es","@id":"https:\/\/www.agroteka.lt\/kvieciame-aplankyti-musu-atstovaujamus-prekes-zenklus-agritechnica-2025-parodoje\/#primaryimage","url":"https:\/\/www.agroteka.lt\/wp-content\/uploads\/Puslapio-naujienos-baneris-1024-x-767-px-2-1.jpg","contentUrl":"https:\/\/www.agroteka.lt\/wp-content\/uploads\/Puslapio-naujienos-baneris-1024-x-767-px-2-1.jpg","width":1024,"height":767},{"@type":"BreadcrumbList","@id":"https:\/\/www.agroteka.lt\/kvieciame-aplankyti-musu-atstovaujamus-prekes-zenklus-agritechnica-2025-parodoje\/#breadcrumb","itemListElement":[{"@type":"ListItem","position":1,"name":"Home","item":"https:\/\/www.agroteka.lt\/"},{"@type":"ListItem","position":2,"name":"Kvie\u010diame aplankyti m\u016bs\u0173 atstovaujamus prek\u0117s \u017eenklus AGRITECHNICA 2025 parodoje"}]},{"@type":"WebSite","@id":"https:\/\/www.agroteka.lt\/#website","url":"https:\/\/www.agroteka.lt\/","name":"Agrotecnolog\u00eda","description":"Maquinaria agr\u00edcola, servicios agr\u00edcolas, repuestos.","publisher":{"@id":"https:\/\/www.agroteka.lt\/#organization"},"potentialAction":[{"@type":"SearchAction","target":{"@type":"EntryPoint","urlTemplate":"https:\/\/www.agroteka.lt\/?s={search_term_string}"},"query-input":"required name=search_term_string"}],"inLanguage":"es"},{"@type":"Organization","@id":"https:\/\/www.agroteka.lt\/#organization","name":"Agrotecnolog\u00eda","url":"https:\/\/www.agroteka.lt\/","logo":{"@type":"ImageObject","inLanguage":"es","@id":"https:\/\/www.agroteka.lt\/#\/schema\/logo\/image\/","url":"https:\/\/www.agroteka.lt\/wp-content\/uploads\/Agroteka_logo_bg.jpg","contentUrl":"https:\/\/www.agroteka.lt\/wp-content\/uploads\/Agroteka_logo_bg.jpg","width":1000,"height":422,"caption":"Agroteka"},"image":{"@id":"https:\/\/www.agroteka.lt\/#\/schema\/logo\/image\/"},"sameAs":["https:\/\/www.facebook.com\/uabagroteka","https:\/\/www.youtube.com\/user\/UABAgroteka"]},{"@type":"Person","@id":"https:\/\/www.agroteka.lt\/#\/schema\/person\/c7c2383a04d618a29574466f6ca6c7c1","name":"Ineta","image":{"@type":"ImageObject","inLanguage":"es","@id":"https:\/\/www.agroteka.lt\/#\/schema\/person\/image\/","url":"https:\/\/secure.gravatar.com\/avatar\/859f88ac55f964193f30157c95b71f87?s=96&d=mm&r=g","contentUrl":"https:\/\/secure.gravatar.com\/avatar\/859f88ac55f964193f30157c95b71f87?s=96&d=mm&r=g","caption":"Ineta"},"url":"https:\/\/www.agroteka.lt\/es\/author\/ineta-mrkt1\/"}]}},"_links":{"self":[{"href":"https:\/\/www.agroteka.lt\/es\/wp-json\/wp\/v2\/posts\/16902"}],"collection":[{"href":"https:\/\/www.agroteka.lt\/es\/wp-json\/wp\/v2\/posts"}],"about":[{"href":"https:\/\/www.agroteka.lt\/es\/wp-json\/wp\/v2\/types\/post"}],"author":[{"embeddable":true,"href":"https:\/\/www.agroteka.lt\/es\/wp-json\/wp\/v2\/users\/5"}],"replies":[{"embeddable":true,"href":"https:\/\/www.agroteka.lt\/es\/wp-json\/wp\/v2\/comments?post=16902"}],"version-history":[{"count":14,"href":"https:\/\/www.agroteka.lt\/es\/wp-json\/wp\/v2\/posts\/16902\/revisions"}],"predecessor-version":[{"id":17219,"href":"https:\/\/www.agroteka.lt\/es\/wp-json\/wp\/v2\/posts\/16902\/revisions\/17219"}],"wp:featuredmedia":[{"embeddable":true,"href":"https:\/\/www.agroteka.lt\/es\/wp-json\/wp\/v2\/media\/16931"}],"wp:attachment":[{"href":"https:\/\/www.agroteka.lt\/es\/wp-json\/wp\/v2\/media?parent=16902"}],"wp:term":[{"taxonomy":"category","embeddable":true,"href":"https:\/\/www.agroteka.lt\/es\/wp-json\/wp\/v2\/categories?post=16902"},{"taxonomy":"post_tag","embeddable":true,"href":"https:\/\/www.agroteka.lt\/es\/wp-json\/wp\/v2\/tags?post=16902"}],"curies":[{"name":"wp","href":"https:\/\/api.w.org\/{rel}","templated":true}]}}