{"id":15867,"date":"2025-10-13T15:30:27","date_gmt":"2025-10-13T12:30:27","guid":{"rendered":"https:\/\/www.agroteka.lt\/?p=15867"},"modified":"2025-12-02T15:16:06","modified_gmt":"2025-12-02T12:16:06","slug":"una-nueva-cara-en-la-gama-pedrotti-de-amasadoras-de-terrones","status":"publish","type":"post","link":"https:\/\/www.agroteka.lt\/es\/naujas-veidas-asortimente-pedrotti-grudu-dziovyklos\/","title":{"rendered":"Nuevo producto en la gama Pedrotti: \u00a1las secadoras de grano Pedrotti!"},"content":{"rendered":"<section class=\"l-section wpb_row height_medium\"><div class=\"l-section-h i-cf\"><div class=\"g-cols vc_row via_grid cols_1 laptops-cols_inherit tablets-cols_inherit mobiles-cols_1 valign_top type_default stacking_default\"><div class=\"wpb_column vc_column_container\"><div class=\"vc_column-inner\"><div class=\"w-image align_none\"><div class=\"w-image-h\"><img width=\"1200\" height=\"286\" src=\"https:\/\/www.agroteka.lt\/wp-content\/uploads\/naujiena-musu-asortimente-Pedrotti-dziovyklos.jpg\" class=\"attachment-full size-full\" alt=\"Novedad en nuestra gama: las secadoras de grano Pedrotti.\" decoding=\"async\" srcset=\"https:\/\/www.agroteka.lt\/wp-content\/uploads\/naujiena-musu-asortimente-Pedrotti-dziovyklos.jpg 1200w, https:\/\/www.agroteka.lt\/wp-content\/uploads\/naujiena-musu-asortimente-Pedrotti-dziovyklos-300x72.jpg 300w, https:\/\/www.agroteka.lt\/wp-content\/uploads\/naujiena-musu-asortimente-Pedrotti-dziovyklos-1024x244.jpg 1024w, https:\/\/www.agroteka.lt\/wp-content\/uploads\/naujiena-musu-asortimente-Pedrotti-dziovyklos-18x4.jpg 18w, https:\/\/www.agroteka.lt\/wp-content\/uploads\/naujiena-musu-asortimente-Pedrotti-dziovyklos-700x167.jpg 700w, https:\/\/www.agroteka.lt\/wp-content\/uploads\/naujiena-musu-asortimente-Pedrotti-dziovyklos-500x119.jpg 500w\" sizes=\"(max-width: 1200px) 100vw, 1200px\" \/><\/div><\/div><div class=\"w-separator size_medium\"><\/div><div class=\"wpb_text_column\"><div class=\"wpb_wrapper\"><p>Nos complace anunciar que ahora ofrecemos a nuestros clientes una nueva marca de confianza y reconocida internacionalmente - <strong data-start=\"300\" data-end=\"331\">\" Secadoras de cereales Pedrotti<\/strong>Fabricado en Italia. Es uno de los l\u00edderes mundiales en tecnolog\u00eda de secado de grano, innovando constantemente y asegurando <strong>la m\u00e1xima calidad del producto.<\/strong><\/p>\n<\/div><\/div><div class=\"w-separator size_medium\"><\/div><div class=\"wpb_text_column\"><div class=\"wpb_wrapper\"><p data-start=\"198\" data-end=\"251\"><strong>\u00bfPor qu\u00e9 elegir las secadoras de grano Pedrotti?<\/strong><\/p>\n<\/div><\/div><div class=\"w-separator size_medium\"><\/div><div class=\"wpb_text_column\"><div class=\"wpb_wrapper\"><ul>\n<li style=\"list-style-type: none;\">\n<ul>\n<li data-start=\"253\" data-end=\"431\">\n<p data-start=\"255\" data-end=\"431\"><strong data-start=\"255\" data-end=\"282\">Experiencia y fiabilidad<\/strong> - m\u00e1s de <strong data-start=\"297\" data-end=\"339\">65 a\u00f1os de experiencia cualificada<\/strong>\u00a0secado del grano.<\/p>\n<\/li>\n<li data-start=\"432\" data-end=\"600\">\n<p data-start=\"434\" data-end=\"600\"><strong data-start=\"434\" data-end=\"451\">Versatilidad<\/strong> - secaderos adecuados para <strong data-start=\"477\" data-end=\"500\">para culturas diferentes<\/strong>Cereales, oleaginosas y leguminosas (soja, colza, girasol, guisantes, jud\u00edas, etc.).<\/p>\n<\/li>\n<li data-start=\"601\" data-end=\"811\">\n<p data-start=\"603\" data-end=\"811\"><strong data-start=\"603\" data-end=\"636\">Trabajar en cualquier condici\u00f3n<\/strong> - Funcionan bien en una amplia gama de climas, desde las regiones lluviosas del norte de Europa a las calurosas del sur, o incluso las zonas tropicales de \u00c1frica y Am\u00e9rica Latina.<\/p>\n<\/li>\n<li data-start=\"916\" data-end=\"1077\">\n<p data-start=\"918\" data-end=\"1077\"><strong data-start=\"918\" data-end=\"939\">Juego completo<\/strong> - El fabricante puede ofrecer la cadena de secado completa: secadores, silos de refrigeraci\u00f3n y almacenamiento, elevadores y mezcladoras.<\/p>\n<\/li>\n<li data-start=\"1078\" data-end=\"1201\">\n<p data-start=\"1080\" data-end=\"1201\"><strong data-start=\"1080\" data-end=\"1106\">Automatizaci\u00f3n avanzada<\/strong> - todos los componentes est\u00e1n totalmente automatizados y se puede manipular un n\u00famero infinito de lotes.<\/p>\n<\/li>\n<li data-start=\"1504\" data-end=\"1624\">\n<p data-start=\"1506\" data-end=\"1624\"><strong data-start=\"1506\" data-end=\"1526\">F\u00e1cil de operar<\/strong> - Basta un toque para cambiar los ajustes de la secadora.<\/p>\n<\/li>\n<li data-start=\"1717\" data-end=\"1945\">\n<p data-start=\"1719\" data-end=\"1945\"><strong data-start=\"1719\" data-end=\"1738\">Ayuda Mundial<\/strong> - En todos los pa\u00edses del mundo, Pedrotti trabaja con importadores exclusivos formados en la f\u00e1brica, lo que garantiza la m\u00e1xima eficacia en las ventas, la log\u00edstica, la instalaci\u00f3n y el servicio posventa.<\/p>\n<\/li>\n<li data-start=\"1946\" data-end=\"2093\">\n<p data-start=\"1948\" data-end=\"2093\"><strong data-start=\"1948\" data-end=\"1977\">Cooperaci\u00f3n estrecha<\/strong> - Los agentes locales conocen bien su mercado y las necesidades de los agricultores, por lo que pueden prestarles apoyo durante todo el a\u00f1o.<\/p>\n<\/li>\n<\/ul>\n<\/li>\n<\/ul>\n<\/div><\/div><div class=\"w-separator size_medium\"><\/div><div class=\"wpb_text_column\"><div class=\"wpb_wrapper\"><p>Seleccionando <strong>\"Secadores Pedrotti,<\/strong> Est\u00e1 invirtiendo en fiabilidad, calidad y valor a largo plazo para su explotaci\u00f3n. Nuestro objetivo es proporcionarle no s\u00f3lo maquinaria moderna, sino tambi\u00e9n asistencia continua para que cada temporada de cosecha sea un \u00e9xito. Con Pedrotti, trabajamos juntos para garantizar que su trabajo sea <strong>m\u00e1s sencilla, eficaz y rentable.<\/strong><\/p>\n<\/div><\/div><\/div><\/div><\/div><\/div><\/section><section class=\"l-section wpb_row height_medium\"><div class=\"l-section-h i-cf\"><div class=\"g-cols vc_row via_grid cols_1 laptops-cols_inherit tablets-cols_inherit mobiles-cols_1 valign_top type_default stacking_default\"><div class=\"wpb_column vc_column_container\"><div class=\"vc_column-inner\"><div class=\"w-btn-wrapper align_center\"><a class=\"w-btn us-btn-style_8\" target=\"_blank\" href=\"\/es\/maquinaria-agricola\/secadores-de-granos\/\" rel=\"noopener\"><span class=\"w-btn-label\">M\u00e1s informaci\u00f3n sobre los secadores Pedrotti<\/span><\/a><\/div><\/div><\/div><\/div><\/div><\/section><div class=\"wpb_column vc_column_container\"><div class=\"vc_column-inner\"><\/div><\/div>","protected":false},"excerpt":{"rendered":"D\u017eiaugiam\u0117s gal\u0117dami prane\u0161ti, kad nuo \u0161iol m\u016bs\u0173 klientams si\u016blome nauj\u0105, patikim\u0105 ir tarptautiniu mastu pripa\u017eint\u0105 prek\u0117s \u017eenkl\u0105 \u2013 \u201ePedrotti\u201c gr\u016bd\u0173 d\u017eiovyklas, gaminamas Italijoje. Tai viena i\u0161 pasaulini\u0173 lyderi\u0173 gr\u016bd\u0173 d\u017eiovinimo technologij\u0173 srityje, nuolat diegianti inovacijas ir u\u017etikrinanti auk\u0161\u010diausi\u0105 gamini\u0173 kokyb\u0119. Kod\u0117l verta rinktis \u201ePedrotti\u201c gr\u016bd\u0173 d\u017eiovyklas? Patirtis ir patikimumas \u2013 daugiau nei 65 metai sukauptos...","protected":false},"author":7,"featured_media":16260,"comment_status":"closed","ping_status":"closed","sticky":false,"template":"","format":"standard","meta":{"inline_featured_image":false,"footnotes":"","iawp_total_views":19},"categories":[1],"tags":[],"acf":[],"yoast_head":"<!-- This site is optimized with the Yoast SEO plugin v22.4 - https:\/\/yoast.com\/wordpress\/plugins\/seo\/ -->\n<title>Naujas produktas asortimente \u2013 Pedrotti gr\u016bd\u0173 d\u017eiovyklos! | Agroteka<\/title>\n<meta name=\"robots\" content=\"index, follow, max-snippet:-1, max-image-preview:large, max-video-preview:-1\" \/>\n<link rel=\"canonical\" href=\"https:\/\/www.agroteka.lt\/es\/una-nueva-cara-en-la-gama-pedrotti-de-amasadoras-de-terrones\/\" \/>\n<meta property=\"og:locale\" content=\"es_ES\" \/>\n<meta property=\"og:type\" content=\"article\" \/>\n<meta property=\"og:title\" content=\"Naujas produktas asortimente \u2013 Pedrotti gr\u016bd\u0173 d\u017eiovyklos! | Agroteka\" \/>\n<meta property=\"og:url\" content=\"https:\/\/www.agroteka.lt\/es\/una-nueva-cara-en-la-gama-pedrotti-de-amasadoras-de-terrones\/\" \/>\n<meta property=\"og:site_name\" content=\"Agroteka\" \/>\n<meta property=\"article:publisher\" content=\"https:\/\/www.facebook.com\/uabagroteka\" \/>\n<meta property=\"article:published_time\" content=\"2025-10-13T12:30:27+00:00\" \/>\n<meta property=\"article:modified_time\" content=\"2025-12-02T12:16:06+00:00\" \/>\n<meta property=\"og:image\" content=\"https:\/\/www.agroteka.lt\/wp-content\/uploads\/pedrotti-naujiena.jpg\" \/>\n\t<meta property=\"og:image:width\" content=\"1024\" \/>\n\t<meta property=\"og:image:height\" content=\"767\" \/>\n\t<meta property=\"og:image:type\" content=\"image\/jpeg\" \/>\n<meta name=\"author\" content=\"Greta\" \/>\n<meta name=\"twitter:card\" content=\"summary_large_image\" \/>\n<meta name=\"twitter:label1\" content=\"Escrito por\" \/>\n\t<meta name=\"twitter:data1\" content=\"Greta\" \/>\n\t<meta name=\"twitter:label2\" content=\"Tiempo de lectura\" \/>\n\t<meta name=\"twitter:data2\" content=\"2 minutos\" \/>\n<script type=\"application\/ld+json\" class=\"yoast-schema-graph\">{\"@context\":\"https:\/\/schema.org\",\"@graph\":[{\"@type\":\"Article\",\"@id\":\"https:\/\/www.agroteka.lt\/naujas-veidas-asortimente-pedrotti-grudu-dziovyklos\/#article\",\"isPartOf\":{\"@id\":\"https:\/\/www.agroteka.lt\/naujas-veidas-asortimente-pedrotti-grudu-dziovyklos\/\"},\"author\":{\"name\":\"Greta\",\"@id\":\"https:\/\/www.agroteka.lt\/#\/schema\/person\/02d4a9c8442c113483bd099be796e0e7\"},\"headline\":\"Naujas produktas asortimente \u2013 Pedrotti gr\u016bd\u0173 d\u017eiovyklos!\",\"datePublished\":\"2025-10-13T12:30:27+00:00\",\"dateModified\":\"2025-12-02T12:16:06+00:00\",\"mainEntityOfPage\":{\"@id\":\"https:\/\/www.agroteka.lt\/naujas-veidas-asortimente-pedrotti-grudu-dziovyklos\/\"},\"wordCount\":363,\"publisher\":{\"@id\":\"https:\/\/www.agroteka.lt\/#organization\"},\"image\":{\"@id\":\"https:\/\/www.agroteka.lt\/naujas-veidas-asortimente-pedrotti-grudu-dziovyklos\/#primaryimage\"},\"thumbnailUrl\":\"https:\/\/www.agroteka.lt\/wp-content\/uploads\/pedrotti-naujiena.jpg\",\"articleSection\":[\"Naujienos\"],\"inLanguage\":\"es\"},{\"@type\":\"WebPage\",\"@id\":\"https:\/\/www.agroteka.lt\/naujas-veidas-asortimente-pedrotti-grudu-dziovyklos\/\",\"url\":\"https:\/\/www.agroteka.lt\/naujas-veidas-asortimente-pedrotti-grudu-dziovyklos\/\",\"name\":\"Naujas produktas asortimente \u2013 Pedrotti gr\u016bd\u0173 d\u017eiovyklos! | Agroteka\",\"isPartOf\":{\"@id\":\"https:\/\/www.agroteka.lt\/#website\"},\"primaryImageOfPage\":{\"@id\":\"https:\/\/www.agroteka.lt\/naujas-veidas-asortimente-pedrotti-grudu-dziovyklos\/#primaryimage\"},\"image\":{\"@id\":\"https:\/\/www.agroteka.lt\/naujas-veidas-asortimente-pedrotti-grudu-dziovyklos\/#primaryimage\"},\"thumbnailUrl\":\"https:\/\/www.agroteka.lt\/wp-content\/uploads\/pedrotti-naujiena.jpg\",\"datePublished\":\"2025-10-13T12:30:27+00:00\",\"dateModified\":\"2025-12-02T12:16:06+00:00\",\"breadcrumb\":{\"@id\":\"https:\/\/www.agroteka.lt\/naujas-veidas-asortimente-pedrotti-grudu-dziovyklos\/#breadcrumb\"},\"inLanguage\":\"es\",\"potentialAction\":[{\"@type\":\"ReadAction\",\"target\":[\"https:\/\/www.agroteka.lt\/naujas-veidas-asortimente-pedrotti-grudu-dziovyklos\/\"]}]},{\"@type\":\"ImageObject\",\"inLanguage\":\"es\",\"@id\":\"https:\/\/www.agroteka.lt\/naujas-veidas-asortimente-pedrotti-grudu-dziovyklos\/#primaryimage\",\"url\":\"https:\/\/www.agroteka.lt\/wp-content\/uploads\/pedrotti-naujiena.jpg\",\"contentUrl\":\"https:\/\/www.agroteka.lt\/wp-content\/uploads\/pedrotti-naujiena.jpg\",\"width\":1024,\"height\":767,\"caption\":\"Pedrotti naujiena\"},{\"@type\":\"BreadcrumbList\",\"@id\":\"https:\/\/www.agroteka.lt\/naujas-veidas-asortimente-pedrotti-grudu-dziovyklos\/#breadcrumb\",\"itemListElement\":[{\"@type\":\"ListItem\",\"position\":1,\"name\":\"Home\",\"item\":\"https:\/\/www.agroteka.lt\/\"},{\"@type\":\"ListItem\",\"position\":2,\"name\":\"Naujas produktas asortimente \u2013 Pedrotti gr\u016bd\u0173 d\u017eiovyklos!\"}]},{\"@type\":\"WebSite\",\"@id\":\"https:\/\/www.agroteka.lt\/#website\",\"url\":\"https:\/\/www.agroteka.lt\/\",\"name\":\"Agroteka\",\"description\":\"\u017dem\u0117s \u016bkio technika, agro paslaugos, atsargin\u0117s dalys.\",\"publisher\":{\"@id\":\"https:\/\/www.agroteka.lt\/#organization\"},\"potentialAction\":[{\"@type\":\"SearchAction\",\"target\":{\"@type\":\"EntryPoint\",\"urlTemplate\":\"https:\/\/www.agroteka.lt\/?s={search_term_string}\"},\"query-input\":\"required name=search_term_string\"}],\"inLanguage\":\"es\"},{\"@type\":\"Organization\",\"@id\":\"https:\/\/www.agroteka.lt\/#organization\",\"name\":\"Agroteka\",\"url\":\"https:\/\/www.agroteka.lt\/\",\"logo\":{\"@type\":\"ImageObject\",\"inLanguage\":\"es\",\"@id\":\"https:\/\/www.agroteka.lt\/#\/schema\/logo\/image\/\",\"url\":\"https:\/\/www.agroteka.lt\/wp-content\/uploads\/Agroteka_logo_bg.jpg\",\"contentUrl\":\"https:\/\/www.agroteka.lt\/wp-content\/uploads\/Agroteka_logo_bg.jpg\",\"width\":1000,\"height\":422,\"caption\":\"Agroteka\"},\"image\":{\"@id\":\"https:\/\/www.agroteka.lt\/#\/schema\/logo\/image\/\"},\"sameAs\":[\"https:\/\/www.facebook.com\/uabagroteka\",\"https:\/\/www.youtube.com\/user\/UABAgroteka\"]},{\"@type\":\"Person\",\"@id\":\"https:\/\/www.agroteka.lt\/#\/schema\/person\/02d4a9c8442c113483bd099be796e0e7\",\"name\":\"Greta\",\"image\":{\"@type\":\"ImageObject\",\"inLanguage\":\"es\",\"@id\":\"https:\/\/www.agroteka.lt\/#\/schema\/person\/image\/\",\"url\":\"https:\/\/secure.gravatar.com\/avatar\/e30ebe87e9c2ee69114efe8c568087d3?s=96&d=mm&r=g\",\"contentUrl\":\"https:\/\/secure.gravatar.com\/avatar\/e30ebe87e9c2ee69114efe8c568087d3?s=96&d=mm&r=g\",\"caption\":\"Greta\"},\"url\":\"https:\/\/www.agroteka.lt\/es\/author\/greta-mrkt2\/\"}]}<\/script>\n<!-- \/ Yoast SEO plugin. -->","yoast_head_json":{"title":"Nuevo producto en la gama Pedrotti - \u00a1Secadoras de grano Pedrotti! | Agroteka","robots":{"index":"index","follow":"follow","max-snippet":"max-snippet:-1","max-image-preview":"max-image-preview:large","max-video-preview":"max-video-preview:-1"},"canonical":"https:\/\/www.agroteka.lt\/es\/una-nueva-cara-en-la-gama-pedrotti-de-amasadoras-de-terrones\/","og_locale":"es_ES","og_type":"article","og_title":"Naujas produktas asortimente \u2013 Pedrotti gr\u016bd\u0173 d\u017eiovyklos! | Agroteka","og_url":"https:\/\/www.agroteka.lt\/es\/una-nueva-cara-en-la-gama-pedrotti-de-amasadoras-de-terrones\/","og_site_name":"Agroteka","article_publisher":"https:\/\/www.facebook.com\/uabagroteka","article_published_time":"2025-10-13T12:30:27+00:00","article_modified_time":"2025-12-02T12:16:06+00:00","og_image":[{"width":1024,"height":767,"url":"https:\/\/www.agroteka.lt\/wp-content\/uploads\/pedrotti-naujiena.jpg","type":"image\/jpeg"}],"author":"Greta","twitter_card":"summary_large_image","twitter_misc":{"Escrito por":"Greta","Tiempo de lectura":"2 minutos"},"schema":{"@context":"https:\/\/schema.org","@graph":[{"@type":"Article","@id":"https:\/\/www.agroteka.lt\/naujas-veidas-asortimente-pedrotti-grudu-dziovyklos\/#article","isPartOf":{"@id":"https:\/\/www.agroteka.lt\/naujas-veidas-asortimente-pedrotti-grudu-dziovyklos\/"},"author":{"name":"Greta","@id":"https:\/\/www.agroteka.lt\/#\/schema\/person\/02d4a9c8442c113483bd099be796e0e7"},"headline":"Naujas produktas asortimente \u2013 Pedrotti gr\u016bd\u0173 d\u017eiovyklos!","datePublished":"2025-10-13T12:30:27+00:00","dateModified":"2025-12-02T12:16:06+00:00","mainEntityOfPage":{"@id":"https:\/\/www.agroteka.lt\/naujas-veidas-asortimente-pedrotti-grudu-dziovyklos\/"},"wordCount":363,"publisher":{"@id":"https:\/\/www.agroteka.lt\/#organization"},"image":{"@id":"https:\/\/www.agroteka.lt\/naujas-veidas-asortimente-pedrotti-grudu-dziovyklos\/#primaryimage"},"thumbnailUrl":"https:\/\/www.agroteka.lt\/wp-content\/uploads\/pedrotti-naujiena.jpg","articleSection":["Naujienos"],"inLanguage":"es"},{"@type":"WebPage","@id":"https:\/\/www.agroteka.lt\/naujas-veidas-asortimente-pedrotti-grudu-dziovyklos\/","url":"https:\/\/www.agroteka.lt\/naujas-veidas-asortimente-pedrotti-grudu-dziovyklos\/","name":"Nuevo producto en la gama Pedrotti - \u00a1Secadoras de grano Pedrotti! | Agroteka","isPartOf":{"@id":"https:\/\/www.agroteka.lt\/#website"},"primaryImageOfPage":{"@id":"https:\/\/www.agroteka.lt\/naujas-veidas-asortimente-pedrotti-grudu-dziovyklos\/#primaryimage"},"image":{"@id":"https:\/\/www.agroteka.lt\/naujas-veidas-asortimente-pedrotti-grudu-dziovyklos\/#primaryimage"},"thumbnailUrl":"https:\/\/www.agroteka.lt\/wp-content\/uploads\/pedrotti-naujiena.jpg","datePublished":"2025-10-13T12:30:27+00:00","dateModified":"2025-12-02T12:16:06+00:00","breadcrumb":{"@id":"https:\/\/www.agroteka.lt\/naujas-veidas-asortimente-pedrotti-grudu-dziovyklos\/#breadcrumb"},"inLanguage":"es","potentialAction":[{"@type":"ReadAction","target":["https:\/\/www.agroteka.lt\/naujas-veidas-asortimente-pedrotti-grudu-dziovyklos\/"]}]},{"@type":"ImageObject","inLanguage":"es","@id":"https:\/\/www.agroteka.lt\/naujas-veidas-asortimente-pedrotti-grudu-dziovyklos\/#primaryimage","url":"https:\/\/www.agroteka.lt\/wp-content\/uploads\/pedrotti-naujiena.jpg","contentUrl":"https:\/\/www.agroteka.lt\/wp-content\/uploads\/pedrotti-naujiena.jpg","width":1024,"height":767,"caption":"Pedrotti naujiena"},{"@type":"BreadcrumbList","@id":"https:\/\/www.agroteka.lt\/naujas-veidas-asortimente-pedrotti-grudu-dziovyklos\/#breadcrumb","itemListElement":[{"@type":"ListItem","position":1,"name":"Home","item":"https:\/\/www.agroteka.lt\/"},{"@type":"ListItem","position":2,"name":"Naujas produktas asortimente \u2013 Pedrotti gr\u016bd\u0173 d\u017eiovyklos!"}]},{"@type":"WebSite","@id":"https:\/\/www.agroteka.lt\/#website","url":"https:\/\/www.agroteka.lt\/","name":"Agrotecnolog\u00eda","description":"Maquinaria agr\u00edcola, servicios agr\u00edcolas, repuestos.","publisher":{"@id":"https:\/\/www.agroteka.lt\/#organization"},"potentialAction":[{"@type":"SearchAction","target":{"@type":"EntryPoint","urlTemplate":"https:\/\/www.agroteka.lt\/?s={search_term_string}"},"query-input":"required name=search_term_string"}],"inLanguage":"es"},{"@type":"Organization","@id":"https:\/\/www.agroteka.lt\/#organization","name":"Agrotecnolog\u00eda","url":"https:\/\/www.agroteka.lt\/","logo":{"@type":"ImageObject","inLanguage":"es","@id":"https:\/\/www.agroteka.lt\/#\/schema\/logo\/image\/","url":"https:\/\/www.agroteka.lt\/wp-content\/uploads\/Agroteka_logo_bg.jpg","contentUrl":"https:\/\/www.agroteka.lt\/wp-content\/uploads\/Agroteka_logo_bg.jpg","width":1000,"height":422,"caption":"Agroteka"},"image":{"@id":"https:\/\/www.agroteka.lt\/#\/schema\/logo\/image\/"},"sameAs":["https:\/\/www.facebook.com\/uabagroteka","https:\/\/www.youtube.com\/user\/UABAgroteka"]},{"@type":"Person","@id":"https:\/\/www.agroteka.lt\/#\/schema\/person\/02d4a9c8442c113483bd099be796e0e7","name":"Greta","image":{"@type":"ImageObject","inLanguage":"es","@id":"https:\/\/www.agroteka.lt\/#\/schema\/person\/image\/","url":"https:\/\/secure.gravatar.com\/avatar\/e30ebe87e9c2ee69114efe8c568087d3?s=96&d=mm&r=g","contentUrl":"https:\/\/secure.gravatar.com\/avatar\/e30ebe87e9c2ee69114efe8c568087d3?s=96&d=mm&r=g","caption":"Greta"},"url":"https:\/\/www.agroteka.lt\/es\/author\/greta-mrkt2\/"}]}},"_links":{"self":[{"href":"https:\/\/www.agroteka.lt\/es\/wp-json\/wp\/v2\/posts\/15867"}],"collection":[{"href":"https:\/\/www.agroteka.lt\/es\/wp-json\/wp\/v2\/posts"}],"about":[{"href":"https:\/\/www.agroteka.lt\/es\/wp-json\/wp\/v2\/types\/post"}],"author":[{"embeddable":true,"href":"https:\/\/www.agroteka.lt\/es\/wp-json\/wp\/v2\/users\/7"}],"replies":[{"embeddable":true,"href":"https:\/\/www.agroteka.lt\/es\/wp-json\/wp\/v2\/comments?post=15867"}],"version-history":[{"count":26,"href":"https:\/\/www.agroteka.lt\/es\/wp-json\/wp\/v2\/posts\/15867\/revisions"}],"predecessor-version":[{"id":17521,"href":"https:\/\/www.agroteka.lt\/es\/wp-json\/wp\/v2\/posts\/15867\/revisions\/17521"}],"wp:featuredmedia":[{"embeddable":true,"href":"https:\/\/www.agroteka.lt\/es\/wp-json\/wp\/v2\/media\/16260"}],"wp:attachment":[{"href":"https:\/\/www.agroteka.lt\/es\/wp-json\/wp\/v2\/media?parent=15867"}],"wp:term":[{"taxonomy":"category","embeddable":true,"href":"https:\/\/www.agroteka.lt\/es\/wp-json\/wp\/v2\/categories?post=15867"},{"taxonomy":"post_tag","embeddable":true,"href":"https:\/\/www.agroteka.lt\/es\/wp-json\/wp\/v2\/tags?post=15867"}],"curies":[{"name":"wp","href":"https:\/\/api.w.org\/{rel}","templated":true}]}}