{"id":16902,"date":"2025-10-20T16:40:50","date_gmt":"2025-10-20T13:40:50","guid":{"rendered":"https:\/\/www.agroteka.lt\/?p=16902"},"modified":"2025-11-07T17:34:50","modified_gmt":"2025-11-07T14:34:50","slug":"wir-laden-sie-ein-unsere-reprasentativen-marken-auf-der-agritechnica-2025-zu-besuchen","status":"publish","type":"post","link":"https:\/\/www.agroteka.lt\/de\/kvieciame-aplankyti-musu-atstovaujamus-prekes-zenklus-agritechnica-2025-parodoje\/","title":{"rendered":"Wir laden Sie ein, unsere Marken auf der AGRITECHNICA 2025 zu besuchen."},"content":{"rendered":"<section class=\"l-section wpb_row height_medium\"><div class=\"l-section-h i-cf\"><div class=\"g-cols vc_row via_grid cols_1 laptops-cols_inherit tablets-cols_inherit mobiles-cols_1 valign_top type_default stacking_default\"><div class=\"wpb_column vc_column_container\"><div class=\"vc_column-inner\"><div class=\"wpb_text_column\"><div class=\"wpb_wrapper\"><p>Die AGRITECHNICA 2025, die Weltleitmesse f\u00fcr Landtechnik, findet vom 9. bis 15. November in Hannover, Deutschland, statt.<\/p>\n<\/div><\/div><div class=\"w-separator size_small\"><\/div><div class=\"w-image align_center\"><div class=\"w-image-h\"><img width=\"1024\" height=\"243\" src=\"https:\/\/www.agroteka.lt\/wp-content\/uploads\/Puslapio-naujienos-vidinis-baneris1200-x-285-px-1-1024x243.jpg\" class=\"attachment-large size-large\" alt=\"\" decoding=\"async\" srcset=\"https:\/\/www.agroteka.lt\/wp-content\/uploads\/Puslapio-naujienos-vidinis-baneris1200-x-285-px-1-1024x243.jpg 1024w, https:\/\/www.agroteka.lt\/wp-content\/uploads\/Puslapio-naujienos-vidinis-baneris1200-x-285-px-1-300x71.jpg 300w, https:\/\/www.agroteka.lt\/wp-content\/uploads\/Puslapio-naujienos-vidinis-baneris1200-x-285-px-1-18x4.jpg 18w, https:\/\/www.agroteka.lt\/wp-content\/uploads\/Puslapio-naujienos-vidinis-baneris1200-x-285-px-1-700x166.jpg 700w, https:\/\/www.agroteka.lt\/wp-content\/uploads\/Puslapio-naujienos-vidinis-baneris1200-x-285-px-1-500x119.jpg 500w, https:\/\/www.agroteka.lt\/wp-content\/uploads\/Puslapio-naujienos-vidinis-baneris1200-x-285-px-1.jpg 1200w\" sizes=\"(max-width: 1024px) 100vw, 1024px\" \/><\/div><\/div><div class=\"w-separator size_small\"><\/div><div class=\"wpb_text_column\"><div class=\"wpb_wrapper\"><h4>Wir laden Sie ein, die von uns vertretenen Marken zu besuchen:<\/h4>\n<\/div><\/div><div class=\"w-separator size_small\"><\/div><div class=\"wpb_text_column\"><div class=\"wpb_wrapper\"><ul>\n<li><strong>Agrio<\/strong>\u00a0finden Sie den Hersteller von Anh\u00e4ngespritzen und selbstfahrenden Spritzger\u00e4ten <strong>Halle 9, Platz G13<\/strong>.<\/li>\n<li><strong>Strautmann<\/strong> ein Unternehmen, das eine Reihe von Maschinen f\u00fcr die Viehzucht anbietet, wird seinen Sitz in <strong>Halle 27, Platz D32<\/strong>.<\/li>\n<li><strong><strong>M\u00fc<\/strong><\/strong><strong>Sache<\/strong> Hochwertigen deutschen Mulch finden Sie <strong>Halle 11, Platz B35<\/strong>.<\/li>\n<li><strong>Gut gehen<\/strong> Das Unternehmen f\u00fcr Futtermittelaufbereitungs- und F\u00fctterungsmaschinen wird seine Maschinen vorstellen <strong>Halle 27, Platz E39<\/strong>.<\/li>\n<li>Unser neues <strong>Pedrotti<\/strong> f\u00fcr Getreidetrockner <strong>In Halle 6, Platz H51<\/strong>.<\/li>\n<li><strong>Bomech<\/strong> G\u00fclleverpressanlage <strong>In Halle 22, Platz B06<\/strong>.<\/li>\n<li><strong>Solo<\/strong> Aussaatger\u00e4te werden installiert <strong>Halle 11, Platz C31<\/strong>.<\/li>\n<li>Spanischer Ackerbauhersteller <strong>Schaf<\/strong>\u00a0Exposition -\u00a0<strong>In Halle 11, Platz A20<\/strong>.<\/li>\n<li><strong>PTG<\/strong>ein Vertreiber von Reifendruckregelsystemen, wird eine Niederlassung <strong>Raum 20, Standort B09<\/strong>.<\/li>\n<li>Tschechische Unternehmen\u00a0<strong>JK Machinery<\/strong>\u00a0Sie werden die Ger\u00e4te sehen k\u00f6nnen\u00a0<strong>In Halle 6, Platz G31<\/strong>.<\/li>\n<li><strong>Romil<\/strong>\u00a0finden Sie den Stand des Unternehmens f\u00fcr Futtermittelproduktionstechnik\u00a0<strong>In Halle 7, Standort A02<\/strong>.<\/li>\n<li><strong>AvMap<\/strong> Ger\u00e4te f\u00fcr die Pr\u00e4zisionslandwirtschaft <strong>Saal 21, Platz A33<\/strong>.<\/li>\n<\/ul>\n<\/div><\/div><div class=\"w-separator size_medium\"><\/div><div class=\"wpb_text_column\"><div class=\"wpb_wrapper\"><h4>Das Highlight der AGRIO-Ausstellung ist die selbstfahrende Spritze DINO 3<\/h4>\n<\/div><\/div><div class=\"w-separator size_small\"><\/div><div class=\"g-cols wpb_row via_grid cols_2 laptops-cols_inherit tablets-cols_inherit mobiles-cols_1 valign_middle type_default stacking_default\"><div class=\"wpb_column vc_column_container\"><div class=\"vc_column-inner\"><div class=\"wpb_text_column\"><div class=\"wpb_wrapper\"><p>Dieses Spr\u00fchger\u00e4t ist besonders f\u00fcr h\u00fcgelige Gebiete geeignet. Dank der einzigartigen Achsaufh\u00e4ngung und dem hydraulischen Antrieb, <strong>DINO<\/strong> kann nicht nur hohe H\u00fcgel erklimmen, sondern auch durch nasse Gebiete fahren, die f\u00fcr andere Fahrzeuge Fallen w\u00e4ren. Dieses selbstfahrende Spr\u00fchger\u00e4t kann <strong>6000 oder 7000<\/strong> Liter mit <strong>18-36 Meter<\/strong> Arbeitsbreite Balken.<\/p>\n<p>Sie werden auch die gr\u00f6\u00dfte Anh\u00e4ngespritze auf dem Markt sehen k\u00f6nnen <strong>RIESE<\/strong>. Mit <strong>10000-14000 Liter Fassungsverm\u00f6gen<\/strong> Tank und Tandemfahrwerk kann die Spritze ihren Vorteil bei der Nutzung der maximalen Arbeitsbreite des Gest\u00e4nges auf sehr langen Fl\u00e4chen leicht ausspielen.<\/p>\n<\/div><\/div><\/div><\/div><div class=\"wpb_column vc_column_container\"><div class=\"vc_column-inner\"><div class=\"w-image align_center\"><div class=\"w-image-h\"><img width=\"640\" height=\"400\" src=\"https:\/\/www.agroteka.lt\/wp-content\/uploads\/savaeigiai-purktuvai-dino3-640x400.jpg\" class=\"attachment-us_700_400 size-us_700_400\" alt=\"Dino Selbstfahrspritzen\" decoding=\"async\" srcset=\"https:\/\/www.agroteka.lt\/wp-content\/uploads\/savaeigiai-purktuvai-dino3-640x400.jpg 640w, https:\/\/www.agroteka.lt\/wp-content\/uploads\/savaeigiai-purktuvai-dino3-300x188.jpg 300w, https:\/\/www.agroteka.lt\/wp-content\/uploads\/savaeigiai-purktuvai-dino3-1024x640.jpg 1024w, https:\/\/www.agroteka.lt\/wp-content\/uploads\/savaeigiai-purktuvai-dino3.jpg 2000w\" sizes=\"(max-width: 640px) 100vw, 640px\" \/><\/div><\/div><\/div><\/div><\/div><div class=\"w-separator size_medium\"><\/div><div class=\"wpb_text_column\"><div class=\"wpb_wrapper\"><h4>Die neuen STRAUTMANN MS-D\u00fcngerstreuer: Vielseitigkeit, Effizienz und Zuverl\u00e4ssigkeit<\/h4>\n<\/div><\/div><div class=\"w-separator size_small\"><\/div><div class=\"wpb_text_column\"><div class=\"wpb_wrapper\"><p>Mit der neuen Sch\u00fcttlerserie MS pr\u00e4sentiert STRAUTMANN zwei leistungsstarke Modelle - <strong>MS 105 und MS 120.<\/strong> Beide Streuer wurden speziell f\u00fcr das Ausbringen von G\u00fclle und anderen organischen D\u00fcngemitteln entwickelt und zeichnen sich durch ihre Vielseitigkeit, Effizienz und Langlebigkeit aus.<\/p>\n<p>Neue Modelle mit einer Kapazit\u00e4t von bis zu <strong>10,5 m\u00b3<\/strong> (MS 105) und <strong>12 m\u00b3<\/strong> (MS 120) wird ab 2026 die derzeitigen Schwingerreger MS 801-MS 1401 ersetzen.<\/p>\n<\/div><\/div><div class=\"w-separator size_small\"><\/div><div class=\"g-cols wpb_row via_grid cols_2 laptops-cols_inherit tablets-cols_inherit mobiles-cols_1 valign_middle type_default stacking_default\"><div class=\"wpb_column vc_column_container\"><div class=\"vc_column-inner\"><div class=\"wpb_text_column\"><div class=\"wpb_wrapper\"><p><strong>Die wichtigsten Vorteile der neuen MS-Sch\u00fcttler:<\/strong><\/p>\n<ul>\n<li>Gro\u00dfe Auswahl an Werkzeugen f\u00fcr verschiedene Modelle<\/li>\n<li>Robuste Konstruktion und langlebige Komponenten f\u00fcr den harten Einsatz<\/li>\n<li>Hohe Sch\u00fcttelgenauigkeit f\u00fcr gleichm\u00e4\u00dfige D\u00fcngerverteilung<\/li>\n<\/ul>\n<\/div><\/div><div class=\"w-separator size_small\"><\/div><div class=\"wpb_text_column\"><div class=\"wpb_wrapper\"><p>Mit der neuen MS-Baureihe verbindet STRAUTMANN bew\u00e4hrte Technik mit noch mehr Flexibilit\u00e4t, robusten Komponenten, durchdachten Details und praktischen L\u00f6sungen, die die neuen MS-Sch\u00fcttler zu einer zuverl\u00e4ssigen Maschine f\u00fcr Landwirte und Dienstleister machen.<\/p>\n<\/div><\/div><\/div><\/div><div class=\"wpb_column vc_column_container\"><div class=\"vc_column-inner\"><div class=\"w-image align_none\"><div class=\"w-image-h\"><img width=\"640\" height=\"400\" src=\"https:\/\/www.agroteka.lt\/wp-content\/uploads\/STRAUTMANN-MS-kratytuvas-naujas-2-1-640x400.jpg\" class=\"attachment-us_700_400 size-us_700_400\" alt=\"2 Optionen f\u00fcr Streuger\u00e4te\" decoding=\"async\" srcset=\"https:\/\/www.agroteka.lt\/wp-content\/uploads\/STRAUTMANN-MS-kratytuvas-naujas-2-1-640x400.jpg 640w, https:\/\/www.agroteka.lt\/wp-content\/uploads\/STRAUTMANN-MS-kratytuvas-naujas-2-1-300x188.jpg 300w, https:\/\/www.agroteka.lt\/wp-content\/uploads\/STRAUTMANN-MS-kratytuvas-naujas-2-1-1024x640.jpg 1024w, https:\/\/www.agroteka.lt\/wp-content\/uploads\/STRAUTMANN-MS-kratytuvas-naujas-2-1-18x12.jpg 18w, https:\/\/www.agroteka.lt\/wp-content\/uploads\/STRAUTMANN-MS-kratytuvas-naujas-2-1-500x313.jpg 500w, https:\/\/www.agroteka.lt\/wp-content\/uploads\/STRAUTMANN-MS-kratytuvas-naujas-2-1.jpg 2000w\" sizes=\"(max-width: 640px) 100vw, 640px\" \/><\/div><\/div><\/div><\/div><\/div><div class=\"w-separator size_medium\"><\/div><div class=\"wpb_text_column\"><div class=\"wpb_wrapper\"><h4><span lang=\"en-US\">OVLAC <\/span><span lang=\"lt\">wird auf der diesj\u00e4hrigen Messe den neuen ATLander Shallow Cultivator vorstellen<\/span><\/h4>\n<\/div><\/div><div class=\"w-separator size_small\"><\/div><div class=\"wpb_text_column\"><div class=\"wpb_wrapper\"><p>F\u00fcr die Arbeit konzipiert <strong>bis zu 15 cm tief<\/strong>Der ATLander ist vielseitig einsetzbar - von der Stoppelbearbeitung bis zur mechanischen Unkrautbek\u00e4mpfung oder Saatbettbereitung. Seine ultraflachen Auslegerzinken, die auch mit Wolframkarbidspitzen erh\u00e4ltlich sind, sorgen f\u00fcr einen gleichm\u00e4\u00dfigen Schnitt \u00fcber die gesamte Arbeitsbreite und hinterlassen eine perfekt ebene Oberfl\u00e4che.<\/p>\n<p>Erh\u00e4ltlich bei <span style=\"font-weight: bold;\">6 <\/span>Und<span style=\"font-weight: bold;\"> 7,5 m<\/span> Modelle mit Arbeitsbreite. <span style=\"font-weight: bold;\">ATLander<\/span> kombiniert Effizienz, geringen Kraftstoffverbrauch und Nachhaltigkeit und ist damit ein unverzichtbares Werkzeug f\u00fcr die moderne Landwirtschaft.<\/p>\n<\/div><\/div><div class=\"w-separator size_small\"><\/div><div class=\"g-cols wpb_row via_grid cols_2 laptops-cols_inherit tablets-cols_inherit mobiles-cols_1 valign_middle type_default stacking_default\"><div class=\"wpb_column vc_column_container\"><div class=\"vc_column-inner\"><div class=\"w-image align_center\"><div class=\"w-image-h\"><img width=\"640\" height=\"400\" src=\"https:\/\/www.agroteka.lt\/wp-content\/uploads\/OVLAC-ATLander-1-640x400.jpg\" class=\"attachment-us_700_400 size-us_700_400\" alt=\"\" decoding=\"async\" srcset=\"https:\/\/www.agroteka.lt\/wp-content\/uploads\/OVLAC-ATLander-1-640x400.jpg 640w, https:\/\/www.agroteka.lt\/wp-content\/uploads\/OVLAC-ATLander-1-300x188.jpg 300w, https:\/\/www.agroteka.lt\/wp-content\/uploads\/OVLAC-ATLander-1-1024x640.jpg 1024w, https:\/\/www.agroteka.lt\/wp-content\/uploads\/OVLAC-ATLander-1-18x12.jpg 18w, https:\/\/www.agroteka.lt\/wp-content\/uploads\/OVLAC-ATLander-1-500x313.jpg 500w, https:\/\/www.agroteka.lt\/wp-content\/uploads\/OVLAC-ATLander-1.jpg 2000w\" sizes=\"(max-width: 640px) 100vw, 640px\" \/><\/div><\/div><\/div><\/div><div class=\"wpb_column vc_column_container\"><div class=\"vc_column-inner\"><div class=\"w-image align_none\"><div class=\"w-image-h\"><img width=\"640\" height=\"400\" src=\"https:\/\/www.agroteka.lt\/wp-content\/uploads\/OVLAC-ATLander-2-640x400.jpg\" class=\"attachment-us_700_400 size-us_700_400\" alt=\"\" decoding=\"async\" srcset=\"https:\/\/www.agroteka.lt\/wp-content\/uploads\/OVLAC-ATLander-2-640x400.jpg 640w, https:\/\/www.agroteka.lt\/wp-content\/uploads\/OVLAC-ATLander-2-300x188.jpg 300w, https:\/\/www.agroteka.lt\/wp-content\/uploads\/OVLAC-ATLander-2-1024x640.jpg 1024w, https:\/\/www.agroteka.lt\/wp-content\/uploads\/OVLAC-ATLander-2-18x12.jpg 18w, https:\/\/www.agroteka.lt\/wp-content\/uploads\/OVLAC-ATLander-2-500x313.jpg 500w, https:\/\/www.agroteka.lt\/wp-content\/uploads\/OVLAC-ATLander-2.jpg 2000w\" sizes=\"(max-width: 640px) 100vw, 640px\" \/><\/div><\/div><\/div><\/div><\/div><div class=\"w-separator size_small\"><\/div><div class=\"wpb_text_column\"><div class=\"wpb_wrapper\"><p>Ausstellungen <strong>Schaf<\/strong> wird auch seine ber\u00fchmtesten Ger\u00e4te vorstellen:<\/p>\n<ul>\n<li><strong>XPerience<\/strong> - Pfl\u00fcge f\u00fcr die Arbeit in der Furche und an der Oberfl\u00e4che;<\/li>\n<li><strong>Mini<\/strong> - Pfl\u00fcge f\u00fcr flaches Pfl\u00fcgen;<\/li>\n<li><strong>Versatill<\/strong> - vielseitige und robuste Grubber f\u00fcr den vertikalen Anbau;<\/li>\n<li><strong>Maxidisc II<\/strong> - Leistungsstarke Kurzscheibeneggen;<\/li>\n<li><strong>Minivid Pro<\/strong> - eine spezielle L\u00f6sung f\u00fcr Weinberge.<\/li>\n<\/ul>\n<\/div><\/div><div class=\"w-separator size_medium\"><\/div><div class=\"wpb_text_column\"><div class=\"wpb_wrapper\"><h4>Die neueste Erg\u00e4nzung der hochwertigen deutschen M\u00fcthing-Mulcher-Serie - MU-PRO\/R Vario<\/h4>\n<\/div><\/div><div class=\"w-separator size_small\"><\/div><div class=\"wpb_text_column\"><div class=\"wpb_wrapper\"><p>M\u00fcthing setzt mit seiner neuen Mulcherserie neue Ma\u00dfst\u00e4be auf dem internationalen Markt. Auf der AGRITECHNICA 2025 wird die neueste deutsche High-End-Mulchger\u00e4teserie MU-PRO\/R Vario zu sehen sein!<\/p>\n<\/div><\/div><div class=\"w-separator size_small\"><\/div><div class=\"g-cols wpb_row via_grid cols_2 laptops-cols_inherit tablets-cols_inherit mobiles-cols_1 valign_middle type_default stacking_default\"><div class=\"wpb_column vc_column_container\"><div class=\"vc_column-inner\"><div class=\"wpb_text_column\"><div class=\"wpb_wrapper\"><p>Diese Serie kombiniert die Qualit\u00e4t der M\u00fcthing Vario-Mulcher mit ma\u00dfgeschneiderten Ger\u00e4ten, um den Anforderungen der verschiedenen M\u00e4rkte weltweit gerecht zu werden.<\/p>\n<p>Arbeitsbreite der Mulchger\u00e4te von 2,80 bis 3,20 m. Auch mit St\u00fctzwalze oder alternativ mit St\u00fctzr\u00e4dern erh\u00e4ltlich.<\/p>\n<\/div><\/div><div class=\"w-separator size_small\"><\/div><div class=\"wpb_text_column\"><div class=\"wpb_wrapper\"><p><strong>Diese Mulchger\u00e4te werden ebenfalls ausgestellt:<\/strong><\/p>\n<ul>\n<li>MU-M\/S Vario Plus<\/li>\n<li>MU-PRO\/F 860 Vario<\/li>\n<li>und weitere M\u00fcthing-Nachrichten<\/li>\n<\/ul>\n<\/div><\/div><\/div><\/div><div class=\"wpb_column vc_column_container\"><div class=\"vc_column-inner\"><div class=\"w-image align_none\"><div class=\"w-image-h\"><img width=\"640\" height=\"400\" src=\"https:\/\/www.agroteka.lt\/wp-content\/uploads\/MUTHING-MU-PROR-Vario-1-640x400.jpg\" class=\"attachment-us_700_400 size-us_700_400\" alt=\"\" decoding=\"async\" srcset=\"https:\/\/www.agroteka.lt\/wp-content\/uploads\/MUTHING-MU-PROR-Vario-1-640x400.jpg 640w, https:\/\/www.agroteka.lt\/wp-content\/uploads\/MUTHING-MU-PROR-Vario-1-300x188.jpg 300w, https:\/\/www.agroteka.lt\/wp-content\/uploads\/MUTHING-MU-PROR-Vario-1-1024x640.jpg 1024w, https:\/\/www.agroteka.lt\/wp-content\/uploads\/MUTHING-MU-PROR-Vario-1-18x12.jpg 18w, https:\/\/www.agroteka.lt\/wp-content\/uploads\/MUTHING-MU-PROR-Vario-1-500x313.jpg 500w, https:\/\/www.agroteka.lt\/wp-content\/uploads\/MUTHING-MU-PROR-Vario-1.jpg 2000w\" sizes=\"(max-width: 640px) 100vw, 640px\" \/><\/div><\/div><\/div><\/div><\/div><div class=\"w-separator size_medium\"><\/div><div class=\"wpb_text_column\"><div class=\"wpb_wrapper\"><h4>FARMNAVIGATOR Pilota - ein einfach zu installierendes, vollst\u00e4ndiges und zuverl\u00e4ssiges automatisches Fahrsystem<\/h4>\n<\/div><\/div><div class=\"w-separator size_small\"><\/div><div class=\"g-cols wpb_row via_grid cols_2 laptops-cols_inherit tablets-cols_inherit mobiles-cols_1 valign_middle type_default stacking_default\"><div class=\"wpb_column vc_column_container\"><div class=\"vc_column-inner\"><div class=\"wpb_text_column\"><div class=\"wpb_wrapper\"><p>AvMap stellt das automatisierte Fahrsystem Farmnavigator Pilota vor, eine kompakte und leichte L\u00f6sung, die zur Kostenoptimierung und Vereinfachung der Installation entwickelt wurde. Die gesamte Tr\u00e4gheitsplattform ist in eine leistungsstarke All-in-One-RTK-Antenne integriert, wodurch eine externe Steuereinheit \u00fcberfl\u00fcssig wird.<\/p>\n<p data-start=\"646\" data-end=\"848\">FARMNAVIGATOR Pilota zeichnet sich durch einen einfachen und effizienten Kalibrierungsprozess aus - geben Sie einfach die Traktorabmessungen ein und folgen Sie den Anweisungen auf dem Bildschirm in wenigen klar definierten Schritten.<\/p>\n<p data-start=\"850\" data-end=\"1122\">Das System l\u00e4sst sich in die Multifunktionsdisplays G7 und G12 integrieren, die hochwertige Hardware, fortschrittliche ISOBUS-Funktionen und die Anbindung an die Cloud-Plattform MyFarmnavigator.com bieten und Ihrem Betrieb den Einstieg in die digitale Transformation erm\u00f6glichen.<\/p>\n<\/div><\/div><\/div><\/div><div class=\"wpb_column vc_column_container\"><div class=\"vc_column-inner\"><div class=\"w-image align_none\"><div class=\"w-image-h\"><img width=\"640\" height=\"400\" src=\"https:\/\/www.agroteka.lt\/wp-content\/uploads\/Farmnavigator-pilota-1-640x400.jpg\" class=\"attachment-us_700_400 size-us_700_400\" alt=\"\" decoding=\"async\" srcset=\"https:\/\/www.agroteka.lt\/wp-content\/uploads\/Farmnavigator-pilota-1-640x400.jpg 640w, https:\/\/www.agroteka.lt\/wp-content\/uploads\/Farmnavigator-pilota-1-300x188.jpg 300w, https:\/\/www.agroteka.lt\/wp-content\/uploads\/Farmnavigator-pilota-1-1024x640.jpg 1024w, https:\/\/www.agroteka.lt\/wp-content\/uploads\/Farmnavigator-pilota-1-18x12.jpg 18w, https:\/\/www.agroteka.lt\/wp-content\/uploads\/Farmnavigator-pilota-1-500x313.jpg 500w, https:\/\/www.agroteka.lt\/wp-content\/uploads\/Farmnavigator-pilota-1.jpg 1920w\" sizes=\"(max-width: 640px) 100vw, 640px\" \/><\/div><\/div><\/div><\/div><\/div><div class=\"w-separator size_medium\"><\/div><div class=\"wpb_text_column\"><div class=\"wpb_wrapper\"><p>Hier sind nur einige der Highlights der AGRITECHNICA 2025, die wir kennen. Erfahren Sie mehr, indem Sie uns folgen oder die Messe vom 9. bis 15. November in Hannover besuchen. Verpassen Sie nicht die Chance, die neuesten Innovationen und L\u00f6sungen in der Landwirtschaft zu sehen!<\/p>\n<\/div><\/div><\/div><\/div><\/div><\/div><\/section><div class=\"wpb_column vc_column_container\"><div class=\"vc_column-inner\"><\/div><\/div><div class=\"wpb_column vc_column_container\"><div class=\"vc_column-inner\"><\/div><\/div>","protected":false},"excerpt":{"rendered":"Pasaulyje pirmaujanti \u017eem\u0117s \u016bkio technikos paroda AGRITECHNICA 2025 jau lapkr\u010dio 9\u201315 dienomis \u012fvyks Hanoveryje, Vokietijoje. Kvie\u010diame aplankyti m\u016bs\u0173 atstovaujamus prek\u0117s \u017eenklus: Agrio\u00a0prikabinam\u0173 ir savaeigi\u0173 purk\u0161tuv\u0173 gamintoj\u0105 gal\u0117site rasti 9 sal\u0117je G13 vietoje. Strautmann \u012fmon\u0117, pasi\u017eyminti gyvulininkyst\u0117s technikos asortimentu, bus \u012fsik\u016brusi 27 sal\u0117je D32 vietoje. M\u00fcthing auk\u0161tos klas\u0117s voki\u0161kus mul\u010derius rasite 11 sal\u0117je B35 vietoje. Goweil...","protected":false},"author":5,"featured_media":16931,"comment_status":"closed","ping_status":"closed","sticky":false,"template":"","format":"standard","meta":{"inline_featured_image":false,"footnotes":"","iawp_total_views":56},"categories":[1],"tags":[],"acf":[],"yoast_head":"<!-- This site is optimized with the Yoast SEO plugin v22.4 - https:\/\/yoast.com\/wordpress\/plugins\/seo\/ -->\n<title>Kvie\u010diame aplankyti m\u016bs\u0173 atstovaujamus prek\u0117s \u017eenklus AGRITECHNICA 2025 parodoje | Agroteka<\/title>\n<meta name=\"robots\" content=\"index, follow, max-snippet:-1, max-image-preview:large, max-video-preview:-1\" \/>\n<link rel=\"canonical\" href=\"https:\/\/www.agroteka.lt\/de\/wir-laden-sie-ein-unsere-reprasentativen-marken-auf-der-agritechnica-2025-zu-besuchen\/\" \/>\n<meta property=\"og:locale\" content=\"de_DE\" \/>\n<meta property=\"og:type\" content=\"article\" \/>\n<meta property=\"og:title\" content=\"Kvie\u010diame aplankyti m\u016bs\u0173 atstovaujamus prek\u0117s \u017eenklus AGRITECHNICA 2025 parodoje | Agroteka\" \/>\n<meta property=\"og:url\" content=\"https:\/\/www.agroteka.lt\/de\/wir-laden-sie-ein-unsere-reprasentativen-marken-auf-der-agritechnica-2025-zu-besuchen\/\" \/>\n<meta property=\"og:site_name\" content=\"Agroteka\" \/>\n<meta property=\"article:publisher\" content=\"https:\/\/www.facebook.com\/uabagroteka\" \/>\n<meta property=\"article:published_time\" content=\"2025-10-20T13:40:50+00:00\" \/>\n<meta property=\"article:modified_time\" content=\"2025-11-07T14:34:50+00:00\" \/>\n<meta property=\"og:image\" content=\"https:\/\/www.agroteka.lt\/wp-content\/uploads\/Puslapio-naujienos-baneris-1024-x-767-px-2-1.jpg\" \/>\n\t<meta property=\"og:image:width\" content=\"1024\" \/>\n\t<meta property=\"og:image:height\" content=\"767\" \/>\n\t<meta property=\"og:image:type\" content=\"image\/jpeg\" \/>\n<meta name=\"author\" content=\"Ineta\" \/>\n<meta name=\"twitter:card\" content=\"summary_large_image\" \/>\n<meta name=\"twitter:label1\" content=\"Verfasst von\" \/>\n\t<meta name=\"twitter:data1\" content=\"Ineta\" \/>\n\t<meta name=\"twitter:label2\" content=\"Gesch\u00e4tzte Lesezeit\" \/>\n\t<meta name=\"twitter:data2\" content=\"4\u00a0Minuten\" \/>\n<script type=\"application\/ld+json\" class=\"yoast-schema-graph\">{\"@context\":\"https:\/\/schema.org\",\"@graph\":[{\"@type\":\"Article\",\"@id\":\"https:\/\/www.agroteka.lt\/kvieciame-aplankyti-musu-atstovaujamus-prekes-zenklus-agritechnica-2025-parodoje\/#article\",\"isPartOf\":{\"@id\":\"https:\/\/www.agroteka.lt\/kvieciame-aplankyti-musu-atstovaujamus-prekes-zenklus-agritechnica-2025-parodoje\/\"},\"author\":{\"name\":\"Ineta\",\"@id\":\"https:\/\/www.agroteka.lt\/#\/schema\/person\/c7c2383a04d618a29574466f6ca6c7c1\"},\"headline\":\"Kvie\u010diame aplankyti m\u016bs\u0173 atstovaujamus prek\u0117s \u017eenklus AGRITECHNICA 2025 parodoje\",\"datePublished\":\"2025-10-20T13:40:50+00:00\",\"dateModified\":\"2025-11-07T14:34:50+00:00\",\"mainEntityOfPage\":{\"@id\":\"https:\/\/www.agroteka.lt\/kvieciame-aplankyti-musu-atstovaujamus-prekes-zenklus-agritechnica-2025-parodoje\/\"},\"wordCount\":1198,\"publisher\":{\"@id\":\"https:\/\/www.agroteka.lt\/#organization\"},\"image\":{\"@id\":\"https:\/\/www.agroteka.lt\/kvieciame-aplankyti-musu-atstovaujamus-prekes-zenklus-agritechnica-2025-parodoje\/#primaryimage\"},\"thumbnailUrl\":\"https:\/\/www.agroteka.lt\/wp-content\/uploads\/Puslapio-naujienos-baneris-1024-x-767-px-2-1.jpg\",\"articleSection\":[\"Naujienos\"],\"inLanguage\":\"de\"},{\"@type\":\"WebPage\",\"@id\":\"https:\/\/www.agroteka.lt\/kvieciame-aplankyti-musu-atstovaujamus-prekes-zenklus-agritechnica-2025-parodoje\/\",\"url\":\"https:\/\/www.agroteka.lt\/kvieciame-aplankyti-musu-atstovaujamus-prekes-zenklus-agritechnica-2025-parodoje\/\",\"name\":\"Kvie\u010diame aplankyti m\u016bs\u0173 atstovaujamus prek\u0117s \u017eenklus AGRITECHNICA 2025 parodoje | Agroteka\",\"isPartOf\":{\"@id\":\"https:\/\/www.agroteka.lt\/#website\"},\"primaryImageOfPage\":{\"@id\":\"https:\/\/www.agroteka.lt\/kvieciame-aplankyti-musu-atstovaujamus-prekes-zenklus-agritechnica-2025-parodoje\/#primaryimage\"},\"image\":{\"@id\":\"https:\/\/www.agroteka.lt\/kvieciame-aplankyti-musu-atstovaujamus-prekes-zenklus-agritechnica-2025-parodoje\/#primaryimage\"},\"thumbnailUrl\":\"https:\/\/www.agroteka.lt\/wp-content\/uploads\/Puslapio-naujienos-baneris-1024-x-767-px-2-1.jpg\",\"datePublished\":\"2025-10-20T13:40:50+00:00\",\"dateModified\":\"2025-11-07T14:34:50+00:00\",\"breadcrumb\":{\"@id\":\"https:\/\/www.agroteka.lt\/kvieciame-aplankyti-musu-atstovaujamus-prekes-zenklus-agritechnica-2025-parodoje\/#breadcrumb\"},\"inLanguage\":\"de\",\"potentialAction\":[{\"@type\":\"ReadAction\",\"target\":[\"https:\/\/www.agroteka.lt\/kvieciame-aplankyti-musu-atstovaujamus-prekes-zenklus-agritechnica-2025-parodoje\/\"]}]},{\"@type\":\"ImageObject\",\"inLanguage\":\"de\",\"@id\":\"https:\/\/www.agroteka.lt\/kvieciame-aplankyti-musu-atstovaujamus-prekes-zenklus-agritechnica-2025-parodoje\/#primaryimage\",\"url\":\"https:\/\/www.agroteka.lt\/wp-content\/uploads\/Puslapio-naujienos-baneris-1024-x-767-px-2-1.jpg\",\"contentUrl\":\"https:\/\/www.agroteka.lt\/wp-content\/uploads\/Puslapio-naujienos-baneris-1024-x-767-px-2-1.jpg\",\"width\":1024,\"height\":767},{\"@type\":\"BreadcrumbList\",\"@id\":\"https:\/\/www.agroteka.lt\/kvieciame-aplankyti-musu-atstovaujamus-prekes-zenklus-agritechnica-2025-parodoje\/#breadcrumb\",\"itemListElement\":[{\"@type\":\"ListItem\",\"position\":1,\"name\":\"Home\",\"item\":\"https:\/\/www.agroteka.lt\/\"},{\"@type\":\"ListItem\",\"position\":2,\"name\":\"Kvie\u010diame aplankyti m\u016bs\u0173 atstovaujamus prek\u0117s \u017eenklus AGRITECHNICA 2025 parodoje\"}]},{\"@type\":\"WebSite\",\"@id\":\"https:\/\/www.agroteka.lt\/#website\",\"url\":\"https:\/\/www.agroteka.lt\/\",\"name\":\"Agroteka\",\"description\":\"\u017dem\u0117s \u016bkio technika, agro paslaugos, atsargin\u0117s dalys.\",\"publisher\":{\"@id\":\"https:\/\/www.agroteka.lt\/#organization\"},\"potentialAction\":[{\"@type\":\"SearchAction\",\"target\":{\"@type\":\"EntryPoint\",\"urlTemplate\":\"https:\/\/www.agroteka.lt\/?s={search_term_string}\"},\"query-input\":\"required name=search_term_string\"}],\"inLanguage\":\"de\"},{\"@type\":\"Organization\",\"@id\":\"https:\/\/www.agroteka.lt\/#organization\",\"name\":\"Agroteka\",\"url\":\"https:\/\/www.agroteka.lt\/\",\"logo\":{\"@type\":\"ImageObject\",\"inLanguage\":\"de\",\"@id\":\"https:\/\/www.agroteka.lt\/#\/schema\/logo\/image\/\",\"url\":\"https:\/\/www.agroteka.lt\/wp-content\/uploads\/Agroteka_logo_bg.jpg\",\"contentUrl\":\"https:\/\/www.agroteka.lt\/wp-content\/uploads\/Agroteka_logo_bg.jpg\",\"width\":1000,\"height\":422,\"caption\":\"Agroteka\"},\"image\":{\"@id\":\"https:\/\/www.agroteka.lt\/#\/schema\/logo\/image\/\"},\"sameAs\":[\"https:\/\/www.facebook.com\/uabagroteka\",\"https:\/\/www.youtube.com\/user\/UABAgroteka\"]},{\"@type\":\"Person\",\"@id\":\"https:\/\/www.agroteka.lt\/#\/schema\/person\/c7c2383a04d618a29574466f6ca6c7c1\",\"name\":\"Ineta\",\"image\":{\"@type\":\"ImageObject\",\"inLanguage\":\"de\",\"@id\":\"https:\/\/www.agroteka.lt\/#\/schema\/person\/image\/\",\"url\":\"https:\/\/secure.gravatar.com\/avatar\/859f88ac55f964193f30157c95b71f87?s=96&d=mm&r=g\",\"contentUrl\":\"https:\/\/secure.gravatar.com\/avatar\/859f88ac55f964193f30157c95b71f87?s=96&d=mm&r=g\",\"caption\":\"Ineta\"},\"url\":\"https:\/\/www.agroteka.lt\/de\/author\/ineta-mrkt1\/\"}]}<\/script>\n<!-- \/ Yoast SEO plugin. -->","yoast_head_json":{"title":"Wir laden Sie ein, unsere Marken auf der AGRITECHNICA 2025 zu besuchen | Agroteka","robots":{"index":"index","follow":"follow","max-snippet":"max-snippet:-1","max-image-preview":"max-image-preview:large","max-video-preview":"max-video-preview:-1"},"canonical":"https:\/\/www.agroteka.lt\/de\/wir-laden-sie-ein-unsere-reprasentativen-marken-auf-der-agritechnica-2025-zu-besuchen\/","og_locale":"de_DE","og_type":"article","og_title":"Kvie\u010diame aplankyti m\u016bs\u0173 atstovaujamus prek\u0117s \u017eenklus AGRITECHNICA 2025 parodoje | Agroteka","og_url":"https:\/\/www.agroteka.lt\/de\/wir-laden-sie-ein-unsere-reprasentativen-marken-auf-der-agritechnica-2025-zu-besuchen\/","og_site_name":"Agroteka","article_publisher":"https:\/\/www.facebook.com\/uabagroteka","article_published_time":"2025-10-20T13:40:50+00:00","article_modified_time":"2025-11-07T14:34:50+00:00","og_image":[{"width":1024,"height":767,"url":"https:\/\/www.agroteka.lt\/wp-content\/uploads\/Puslapio-naujienos-baneris-1024-x-767-px-2-1.jpg","type":"image\/jpeg"}],"author":"Ineta","twitter_card":"summary_large_image","twitter_misc":{"Verfasst von":"Ineta","Gesch\u00e4tzte Lesezeit":"4\u00a0Minuten"},"schema":{"@context":"https:\/\/schema.org","@graph":[{"@type":"Article","@id":"https:\/\/www.agroteka.lt\/kvieciame-aplankyti-musu-atstovaujamus-prekes-zenklus-agritechnica-2025-parodoje\/#article","isPartOf":{"@id":"https:\/\/www.agroteka.lt\/kvieciame-aplankyti-musu-atstovaujamus-prekes-zenklus-agritechnica-2025-parodoje\/"},"author":{"name":"Ineta","@id":"https:\/\/www.agroteka.lt\/#\/schema\/person\/c7c2383a04d618a29574466f6ca6c7c1"},"headline":"Kvie\u010diame aplankyti m\u016bs\u0173 atstovaujamus prek\u0117s \u017eenklus AGRITECHNICA 2025 parodoje","datePublished":"2025-10-20T13:40:50+00:00","dateModified":"2025-11-07T14:34:50+00:00","mainEntityOfPage":{"@id":"https:\/\/www.agroteka.lt\/kvieciame-aplankyti-musu-atstovaujamus-prekes-zenklus-agritechnica-2025-parodoje\/"},"wordCount":1198,"publisher":{"@id":"https:\/\/www.agroteka.lt\/#organization"},"image":{"@id":"https:\/\/www.agroteka.lt\/kvieciame-aplankyti-musu-atstovaujamus-prekes-zenklus-agritechnica-2025-parodoje\/#primaryimage"},"thumbnailUrl":"https:\/\/www.agroteka.lt\/wp-content\/uploads\/Puslapio-naujienos-baneris-1024-x-767-px-2-1.jpg","articleSection":["Naujienos"],"inLanguage":"de"},{"@type":"WebPage","@id":"https:\/\/www.agroteka.lt\/kvieciame-aplankyti-musu-atstovaujamus-prekes-zenklus-agritechnica-2025-parodoje\/","url":"https:\/\/www.agroteka.lt\/kvieciame-aplankyti-musu-atstovaujamus-prekes-zenklus-agritechnica-2025-parodoje\/","name":"Wir laden Sie ein, unsere Marken auf der AGRITECHNICA 2025 zu besuchen | Agroteka","isPartOf":{"@id":"https:\/\/www.agroteka.lt\/#website"},"primaryImageOfPage":{"@id":"https:\/\/www.agroteka.lt\/kvieciame-aplankyti-musu-atstovaujamus-prekes-zenklus-agritechnica-2025-parodoje\/#primaryimage"},"image":{"@id":"https:\/\/www.agroteka.lt\/kvieciame-aplankyti-musu-atstovaujamus-prekes-zenklus-agritechnica-2025-parodoje\/#primaryimage"},"thumbnailUrl":"https:\/\/www.agroteka.lt\/wp-content\/uploads\/Puslapio-naujienos-baneris-1024-x-767-px-2-1.jpg","datePublished":"2025-10-20T13:40:50+00:00","dateModified":"2025-11-07T14:34:50+00:00","breadcrumb":{"@id":"https:\/\/www.agroteka.lt\/kvieciame-aplankyti-musu-atstovaujamus-prekes-zenklus-agritechnica-2025-parodoje\/#breadcrumb"},"inLanguage":"de","potentialAction":[{"@type":"ReadAction","target":["https:\/\/www.agroteka.lt\/kvieciame-aplankyti-musu-atstovaujamus-prekes-zenklus-agritechnica-2025-parodoje\/"]}]},{"@type":"ImageObject","inLanguage":"de","@id":"https:\/\/www.agroteka.lt\/kvieciame-aplankyti-musu-atstovaujamus-prekes-zenklus-agritechnica-2025-parodoje\/#primaryimage","url":"https:\/\/www.agroteka.lt\/wp-content\/uploads\/Puslapio-naujienos-baneris-1024-x-767-px-2-1.jpg","contentUrl":"https:\/\/www.agroteka.lt\/wp-content\/uploads\/Puslapio-naujienos-baneris-1024-x-767-px-2-1.jpg","width":1024,"height":767},{"@type":"BreadcrumbList","@id":"https:\/\/www.agroteka.lt\/kvieciame-aplankyti-musu-atstovaujamus-prekes-zenklus-agritechnica-2025-parodoje\/#breadcrumb","itemListElement":[{"@type":"ListItem","position":1,"name":"Home","item":"https:\/\/www.agroteka.lt\/"},{"@type":"ListItem","position":2,"name":"Kvie\u010diame aplankyti m\u016bs\u0173 atstovaujamus prek\u0117s \u017eenklus AGRITECHNICA 2025 parodoje"}]},{"@type":"WebSite","@id":"https:\/\/www.agroteka.lt\/#website","url":"https:\/\/www.agroteka.lt\/","name":"Agrotech","description":"Landmaschinen, Agrardienstleistungen, Ersatzteile.","publisher":{"@id":"https:\/\/www.agroteka.lt\/#organization"},"potentialAction":[{"@type":"SearchAction","target":{"@type":"EntryPoint","urlTemplate":"https:\/\/www.agroteka.lt\/?s={search_term_string}"},"query-input":"required name=search_term_string"}],"inLanguage":"de"},{"@type":"Organization","@id":"https:\/\/www.agroteka.lt\/#organization","name":"Agrotech","url":"https:\/\/www.agroteka.lt\/","logo":{"@type":"ImageObject","inLanguage":"de","@id":"https:\/\/www.agroteka.lt\/#\/schema\/logo\/image\/","url":"https:\/\/www.agroteka.lt\/wp-content\/uploads\/Agroteka_logo_bg.jpg","contentUrl":"https:\/\/www.agroteka.lt\/wp-content\/uploads\/Agroteka_logo_bg.jpg","width":1000,"height":422,"caption":"Agroteka"},"image":{"@id":"https:\/\/www.agroteka.lt\/#\/schema\/logo\/image\/"},"sameAs":["https:\/\/www.facebook.com\/uabagroteka","https:\/\/www.youtube.com\/user\/UABAgroteka"]},{"@type":"Person","@id":"https:\/\/www.agroteka.lt\/#\/schema\/person\/c7c2383a04d618a29574466f6ca6c7c1","name":"Ineta","image":{"@type":"ImageObject","inLanguage":"de","@id":"https:\/\/www.agroteka.lt\/#\/schema\/person\/image\/","url":"https:\/\/secure.gravatar.com\/avatar\/859f88ac55f964193f30157c95b71f87?s=96&d=mm&r=g","contentUrl":"https:\/\/secure.gravatar.com\/avatar\/859f88ac55f964193f30157c95b71f87?s=96&d=mm&r=g","caption":"Ineta"},"url":"https:\/\/www.agroteka.lt\/de\/author\/ineta-mrkt1\/"}]}},"_links":{"self":[{"href":"https:\/\/www.agroteka.lt\/de\/wp-json\/wp\/v2\/posts\/16902"}],"collection":[{"href":"https:\/\/www.agroteka.lt\/de\/wp-json\/wp\/v2\/posts"}],"about":[{"href":"https:\/\/www.agroteka.lt\/de\/wp-json\/wp\/v2\/types\/post"}],"author":[{"embeddable":true,"href":"https:\/\/www.agroteka.lt\/de\/wp-json\/wp\/v2\/users\/5"}],"replies":[{"embeddable":true,"href":"https:\/\/www.agroteka.lt\/de\/wp-json\/wp\/v2\/comments?post=16902"}],"version-history":[{"count":14,"href":"https:\/\/www.agroteka.lt\/de\/wp-json\/wp\/v2\/posts\/16902\/revisions"}],"predecessor-version":[{"id":17219,"href":"https:\/\/www.agroteka.lt\/de\/wp-json\/wp\/v2\/posts\/16902\/revisions\/17219"}],"wp:featuredmedia":[{"embeddable":true,"href":"https:\/\/www.agroteka.lt\/de\/wp-json\/wp\/v2\/media\/16931"}],"wp:attachment":[{"href":"https:\/\/www.agroteka.lt\/de\/wp-json\/wp\/v2\/media?parent=16902"}],"wp:term":[{"taxonomy":"category","embeddable":true,"href":"https:\/\/www.agroteka.lt\/de\/wp-json\/wp\/v2\/categories?post=16902"},{"taxonomy":"post_tag","embeddable":true,"href":"https:\/\/www.agroteka.lt\/de\/wp-json\/wp\/v2\/tags?post=16902"}],"curies":[{"name":"wp","href":"https:\/\/api.w.org\/{rel}","templated":true}]}}